{"id":1154,"date":"2024-07-11T00:34:55","date_gmt":"2024-07-11T00:34:55","guid":{"rendered":"https:\/\/derechoshumanoseconomicos.com\/?p=1154"},"modified":"2024-07-11T00:34:55","modified_gmt":"2024-07-11T00:34:55","slug":"avanza-mexico-en-la-proteccion-de-los-derechos-humanos-cidh","status":"publish","type":"post","link":"https:\/\/derechoshumanoseconomicos.com\/index.php\/2024\/07\/11\/avanza-mexico-en-la-proteccion-de-los-derechos-humanos-cidh\/","title":{"rendered":"Avanza M\u00e9xico en la protecci\u00f3n de los Derechos Humanos: CIDH"},"content":{"rendered":"<div>\n<figure id=\"attachment_1155\" aria-describedby=\"caption-attachment-1155\" style=\"width: 300px\" class=\"wp-caption alignnone\"><img fetchpriority=\"high\" decoding=\"async\" class=\"size-medium wp-image-1155\" src=\"https:\/\/derechoshumanoseconomicos.com\/wp-content\/uploads\/2024\/07\/tracy-salvador-300x200.jpg\" alt=\"\" width=\"300\" height=\"200\" srcset=\"https:\/\/derechoshumanoseconomicos.com\/wp-content\/uploads\/2024\/07\/tracy-salvador-300x200.jpg 300w, https:\/\/derechoshumanoseconomicos.com\/wp-content\/uploads\/2024\/07\/tracy-salvador.jpg 302w\" sizes=\"(max-width: 300px) 100vw, 300px\" \/><figcaption id=\"caption-attachment-1155\" class=\"wp-caption-text\">SONY DSC<\/figcaption><\/figure>\n<\/div>\n<div class=\"ewa-rteLine\"><\/div>\n<div class=\"ewa-rteLine\"><\/div>\n<div class=\"ewa-rteLine\">A petici\u00f3n del gobierno mexicano, la Comisi\u00f3n Interamericana de Derechos Humanos realiza durante el 11 al 15 de agosto de 2014, en la capital del pa\u00ed\u00ads, el 152 Per\u00edodo Extraordinario de Sesiones de esta organizaci\u00f3n internacional, encabezada por la titular, Tracy Robinson. En la inauguraci\u00f3n participaron el canciller Jos\u00e9 Antonio Meade; el secretario de Gobernaci\u00f3n, Miguel \u00c1ngel Osorio Chong; el abogado general de la Universidad Nacional Aut\u00f3noma de M\u00e9xico (UNAM), Ra\u00fal Gonz\u00e1lez P\u00e9rez; el presidente de la Comisi\u00f3n Nacional de Derechos Humanos (CNDH), Ra\u00fal Gonz\u00e1lez Plascencia, y el presidente de la Mesa Directiva del Senado, Ra\u00fal Cervantes. Tambi\u00e9n asisti\u00f3 el Ombudsman Empresarial, Salvador Ortega (en la fotograf\u00eda de arriba con Tracy Robinson).<\/div>\n<div class=\"ewa-rteLine\">Tracy Robinson asegur\u00f3 que con la reciente adopci\u00f3n de los criterios internacionales en protecci\u00f3n a v\u00edctimas y reparaci\u00f3n de da\u00f1os de desaparici\u00f3n forzada, M\u00e9xico demuestra su compromiso en la defensa de esos derechos.<\/div>\n<div class=\"ewa-rteLine\">Durante la inauguraci\u00f3n del 152 periodo extraordinario de sesiones de la CIDH, efectuada en la sede de la Secretar\u00eda de Relaciones Exteriores (SRE), Robinson se dijo muy complacida por la invitaci\u00f3n de M\u00e9xico para albergar las sesiones.<\/div>\n<div class=\"ewa-rteLine\">En ellas, a\u00f1adi\u00f3, los comisionados tendr\u00e1n la oportunidad de escuchar de primera mano a las autoridades, a los acad\u00e9micos y a la sociedad civil mexicana.<\/div>\n<div class=\"ewa-rteLine\">Los siete Comisionados que integran actualmente la CIDH son: Presidenta Tracy Robinson (Jamaica), Rose-Marie Belle Antoine (Santa Luc\u00eda\/Trinidad y Tobago), Felipe Gonz\u00e1lez (Chile), Jos\u00e9 de Jes\u00fas Orozco Henr\u00edquez (M\u00e9xico), Rosa Mar\u00eda Ortiz (Paraguay), Paulo Vannuchi (Brasil) y James L. Cavallaro (Estados Unidos).<\/div>\n<ul>\n<li class=\"ewa-rteLine\">En el camino correcto<\/li>\n<\/ul>\n<div class=\"ewa-rteLine\">Posteriormente, la presidenta de la CIDH destac\u00f3 que las reformas constitucionales que garantizan los derechos humanos ponen a M\u00e9xico &#8220;en el camino correcto&#8221;, en particular algunas decisiones como en los casos Radilla Pacheco y Rosendo Cant\u00fa, entre otras, que garantizan el acceso a la justicia, a la verdad y a la reparaci\u00f3n del da\u00f1o. Robinson adelant\u00f3 que en esas sesiones la comisi\u00f3n conocer\u00e1 sobre la situaci\u00f3n de los derechos humanos en Centroam\u00e9rica y por eso es muy importante sesionar en M\u00e9xico.<\/div>\n<div class=\"ewa-rteLine\">M\u00e9xico es pa\u00ed\u00ads de origen, tr\u00e1nsito, destino y retorno de los migrantes y por lo tanto tiene una voz muy relevante en esta materia, sostuvo.<\/div>\n<div class=\"ewa-rteLine\">La CIDH dijo que M\u00e9xico ha dado pasos importantes para la protecci\u00f3n de los Derechos Humanos.<\/div>\n<div><\/div>\n<div><a href=\"https:\/\/derechoshumanoseconomicos.com\/wp-content\/uploads\/2024\/07\/Avance-en-derechos-Humanos.pdf\">Ver noticia<\/a><\/div>\n<div class=\"ewa-rteLine\">\n<figure id=\"attachment_1157\" aria-describedby=\"caption-attachment-1157\" style=\"width: 300px\" class=\"wp-caption alignnone\"><img decoding=\"async\" class=\"size-medium wp-image-1157\" src=\"https:\/\/derechoshumanoseconomicos.com\/wp-content\/uploads\/2024\/07\/todos-300x200.jpg\" alt=\"\" width=\"300\" height=\"200\" srcset=\"https:\/\/derechoshumanoseconomicos.com\/wp-content\/uploads\/2024\/07\/todos-300x200.jpg 300w, https:\/\/derechoshumanoseconomicos.com\/wp-content\/uploads\/2024\/07\/todos.jpg 302w\" sizes=\"(max-width: 300px) 100vw, 300px\" \/><figcaption id=\"caption-attachment-1157\" class=\"wp-caption-text\">SONY DSC<\/figcaption><\/figure>\n<\/div>\n<div><\/div>\n<div class=\"ewa-rteLine\"><\/div>\n","protected":false},"excerpt":{"rendered":"<p>A petici\u00f3n del gobierno mexicano, la Comisi\u00f3n Interamericana de Derechos Humanos realiza durante el 11 al 15 de agosto de 2014, en la capital del pa\u00ed\u00ads, el 152 Per\u00edodo Extraordinario de Sesiones de esta organizaci\u00f3n internacional, encabezada por la titular, Tracy Robinson. En la inauguraci\u00f3n participaron el canciller Jos\u00e9 Antonio Meade; el secretario de Gobernaci\u00f3n, [&hellip;]<\/p>\n","protected":false},"author":3,"featured_media":1128,"comment_status":"open","ping_status":"open","sticky":false,"template":"","format":"standard","meta":{"footnotes":""},"categories":[25],"tags":[],"class_list":["post-1154","post","type-post","status-publish","format-standard","has-post-thumbnail","hentry","category-noticias"],"_links":{"self":[{"href":"https:\/\/derechoshumanoseconomicos.com\/index.php\/wp-json\/wp\/v2\/posts\/1154","targetHints":{"allow":["GET"]}}],"collection":[{"href":"https:\/\/derechoshumanoseconomicos.com\/index.php\/wp-json\/wp\/v2\/posts"}],"about":[{"href":"https:\/\/derechoshumanoseconomicos.com\/index.php\/wp-json\/wp\/v2\/types\/post"}],"author":[{"embeddable":true,"href":"https:\/\/derechoshumanoseconomicos.com\/index.php\/wp-json\/wp\/v2\/users\/3"}],"replies":[{"embeddable":true,"href":"https:\/\/derechoshumanoseconomicos.com\/index.php\/wp-json\/wp\/v2\/comments?post=1154"}],"version-history":[{"count":1,"href":"https:\/\/derechoshumanoseconomicos.com\/index.php\/wp-json\/wp\/v2\/posts\/1154\/revisions"}],"predecessor-version":[{"id":1158,"href":"https:\/\/derechoshumanoseconomicos.com\/index.php\/wp-json\/wp\/v2\/posts\/1154\/revisions\/1158"}],"wp:featuredmedia":[{"embeddable":true,"href":"https:\/\/derechoshumanoseconomicos.com\/index.php\/wp-json\/wp\/v2\/media\/1128"}],"wp:attachment":[{"href":"https:\/\/derechoshumanoseconomicos.com\/index.php\/wp-json\/wp\/v2\/media?parent=1154"}],"wp:term":[{"taxonomy":"category","embeddable":true,"href":"https:\/\/derechoshumanoseconomicos.com\/index.php\/wp-json\/wp\/v2\/categories?post=1154"},{"taxonomy":"post_tag","embeddable":true,"href":"https:\/\/derechoshumanoseconomicos.com\/index.php\/wp-json\/wp\/v2\/tags?post=1154"}],"curies":[{"name":"wp","href":"https:\/\/api.w.org\/{rel}","templated":true}]}}