{"id":1438,"date":"2024-07-19T05:44:11","date_gmt":"2024-07-19T05:44:11","guid":{"rendered":"https:\/\/derechoshumanoseconomicos.com\/?p=1438"},"modified":"2024-07-19T05:44:11","modified_gmt":"2024-07-19T05:44:11","slug":"mexico-reitera-su-compromiso-con-la-integracion-regional-y-el-derecho-internacional-en-la-oea","status":"publish","type":"post","link":"https:\/\/derechoshumanoseconomicos.com\/index.php\/2024\/07\/19\/mexico-reitera-su-compromiso-con-la-integracion-regional-y-el-derecho-internacional-en-la-oea\/","title":{"rendered":"M\u00e9xico reitera su compromiso con la integraci\u00f3n regional y el derecho internacional en la OEA"},"content":{"rendered":"<p>En representaci\u00f3n de la secretaria de Relaciones Exteriores, Alicia B\u00e1rcena Ibarra, el subsecretario para Asuntos Multilaterales y Derechos Humanos, Joel Hern\u00e1ndez Garc\u00eda, reiter\u00f3, en el pleno de la 54 Asamblea General de la Organizaci\u00f3n de Estados Americanos (OEA), el compromiso de M\u00e9xico con la integraci\u00f3n regional que, adem\u00e1s de fortalecer las econom\u00edas y sociedades, permite enfrentar de manera conjunta los desaf\u00edos comunes.<\/p>\n<p>Durante su intervenci\u00f3n, el subsecretario se\u00f1al\u00f3 que toda integraci\u00f3n se sustenta en principios inquebrantables, como la estricta observancia del marco jur\u00eddico internacional e interamericano, el imperativo de resolver pac\u00edficamente las controversias que puedan surgir entre los Estados y la obligaci\u00f3n de evitar, a toda costa, el uso de la fuerza de forma incompatible con los principios de la Organizaci\u00f3n de las Naciones Unidas (ONU) y de la OEA, al tiempo que se pronunci\u00f3 por denunciar y exigir responsabilidad a los Estados de la regi\u00f3n que incumplan estos principios.<\/p>\n<p>\u201cNo tengan duda que M\u00e9xico continuar\u00e1 guiando su participaci\u00f3n en la OEA y en otros espacios multilaterales por sus principios constitucionales de pol\u00edtica exterior: la soluci\u00f3n pac\u00edfica de controversias, la no intervenci\u00f3n, la autodeterminaci\u00f3n de los pueblos, la cooperaci\u00f3n internacional para el desarrollo y el respeto y la promoci\u00f3n de los derechos humanos\u201d, subray\u00f3.<\/p>\n<p>Asimismo, reafirm\u00f3 el compromiso del Gobierno de M\u00e9xico con los cuatro pilares de la OEA, destacando:<\/p>\n<ol>\n<li>El reconocimiento al trabajo realizado por la Misi\u00f3n de Observaci\u00f3n Electoral desplegada en las elecciones del pasado 2 de junio en nuestro pa\u00eds.<\/li>\n<li>Protecci\u00f3n de los derechos humanos y fortalecimiento del Sistema Interamericano de Derechos Humanos.<\/li>\n<li>El Modelo Mexicano de Movilidad Humana que atiende las causas estructurales de la migraci\u00f3n y el fortalecimiento de los mecanismos regulares de movilidad, frente a pol\u00edticas de contenci\u00f3n o de sanciones.<\/li>\n<li>La igualdad de g\u00e9nero como un elemento indispensable para las sociedades justas e inclusivas.<\/li>\n<\/ol>\n<p>La necesidad de atender con urgencia las deplorables consecuencias humanitarias, sociales y econ\u00f3micas que provoca el tr\u00e1fico il\u00edcito de armas de fuego y municiones.<\/p>\n<h2>Tambi\u00e9n puede ser de tu inter\u00e9s: <a href=\"https:\/\/derechoshumanoseconomicos.com\/index.php\/2024\/07\/19\/oea-condena-energicamente-el-intento-de-golpe-de-estado-en-bolivia\/\"><span>OEA condena \u201cen\u00e9rgicamente\u201d el intento de golpe de Estado en Bolivia<\/span><\/a><\/h2>\n","protected":false},"excerpt":{"rendered":"<p>En representaci\u00f3n de la secretaria de Relaciones Exteriores, Alicia B\u00e1rcena Ibarra, el subsecretario para Asuntos Multilaterales y Derechos Humanos, Joel Hern\u00e1ndez Garc\u00eda, reiter\u00f3, en el pleno de la 54 Asamblea General de la Organizaci\u00f3n de Estados Americanos (OEA), el compromiso de M\u00e9xico con la integraci\u00f3n regional que, adem\u00e1s de fortalecer las econom\u00edas y sociedades, permite [&hellip;]<\/p>\n","protected":false},"author":3,"featured_media":1439,"comment_status":"open","ping_status":"open","sticky":false,"template":"","format":"standard","meta":{"footnotes":""},"categories":[26,14,11],"tags":[66,74,52,70,54],"class_list":["post-1438","post","type-post","status-publish","format-standard","has-post-thumbnail","hentry","category-asambleas","category-o-e-a","category-principal","tag-54-asamblea-general","tag-mexico","tag-oea","tag-principal","tag-salvador-ortega-lopez"],"_links":{"self":[{"href":"https:\/\/derechoshumanoseconomicos.com\/index.php\/wp-json\/wp\/v2\/posts\/1438","targetHints":{"allow":["GET"]}}],"collection":[{"href":"https:\/\/derechoshumanoseconomicos.com\/index.php\/wp-json\/wp\/v2\/posts"}],"about":[{"href":"https:\/\/derechoshumanoseconomicos.com\/index.php\/wp-json\/wp\/v2\/types\/post"}],"author":[{"embeddable":true,"href":"https:\/\/derechoshumanoseconomicos.com\/index.php\/wp-json\/wp\/v2\/users\/3"}],"replies":[{"embeddable":true,"href":"https:\/\/derechoshumanoseconomicos.com\/index.php\/wp-json\/wp\/v2\/comments?post=1438"}],"version-history":[{"count":1,"href":"https:\/\/derechoshumanoseconomicos.com\/index.php\/wp-json\/wp\/v2\/posts\/1438\/revisions"}],"predecessor-version":[{"id":1440,"href":"https:\/\/derechoshumanoseconomicos.com\/index.php\/wp-json\/wp\/v2\/posts\/1438\/revisions\/1440"}],"wp:featuredmedia":[{"embeddable":true,"href":"https:\/\/derechoshumanoseconomicos.com\/index.php\/wp-json\/wp\/v2\/media\/1439"}],"wp:attachment":[{"href":"https:\/\/derechoshumanoseconomicos.com\/index.php\/wp-json\/wp\/v2\/media?parent=1438"}],"wp:term":[{"taxonomy":"category","embeddable":true,"href":"https:\/\/derechoshumanoseconomicos.com\/index.php\/wp-json\/wp\/v2\/categories?post=1438"},{"taxonomy":"post_tag","embeddable":true,"href":"https:\/\/derechoshumanoseconomicos.com\/index.php\/wp-json\/wp\/v2\/tags?post=1438"}],"curies":[{"name":"wp","href":"https:\/\/api.w.org\/{rel}","templated":true}]}}