{"id":1472,"date":"2024-07-20T00:07:28","date_gmt":"2024-07-20T00:07:28","guid":{"rendered":"https:\/\/derechoshumanoseconomicos.com\/?p=1472"},"modified":"2024-07-20T00:07:28","modified_gmt":"2024-07-20T00:07:28","slug":"se-reune-en-alemania-el-g20-para-tomar-medidas-anticorrupcion-asiste-salvador-ortega-ombudsman-empresarial","status":"publish","type":"post","link":"https:\/\/derechoshumanoseconomicos.com\/index.php\/2024\/07\/20\/se-reune-en-alemania-el-g20-para-tomar-medidas-anticorrupcion-asiste-salvador-ortega-ombudsman-empresarial\/","title":{"rendered":"Se re\u00fane en Alemania el G20 para tomar medidas anticorrupci\u00f3n, asiste Salvador Ortega, Ombudsman Empresarial"},"content":{"rendered":"<div><img fetchpriority=\"high\" decoding=\"async\" class=\"alignnone size-medium wp-image-1473\" src=\"https:\/\/derechoshumanoseconomicos.com\/wp-content\/uploads\/2024\/07\/solG20-1-300x185.jpg\" alt=\"\" width=\"300\" height=\"185\" srcset=\"https:\/\/derechoshumanoseconomicos.com\/wp-content\/uploads\/2024\/07\/solG20-1-300x185.jpg 300w, https:\/\/derechoshumanoseconomicos.com\/wp-content\/uploads\/2024\/07\/solG20-1.jpg 650w\" sizes=\"(max-width: 300px) 100vw, 300px\" \/><\/div>\n<div class=\"ewa-rteLine\"><img decoding=\"async\" class=\"alignnone size-medium wp-image-1474\" src=\"https:\/\/derechoshumanoseconomicos.com\/wp-content\/uploads\/2024\/07\/solG20-3-300x185.jpg\" alt=\"\" width=\"300\" height=\"185\" srcset=\"https:\/\/derechoshumanoseconomicos.com\/wp-content\/uploads\/2024\/07\/solG20-3-300x185.jpg 300w, https:\/\/derechoshumanoseconomicos.com\/wp-content\/uploads\/2024\/07\/solG20-3.jpg 650w\" sizes=\"(max-width: 300px) 100vw, 300px\" \/><\/div>\n<ul>\n<li class=\"ewa-rteLine\">IP y Sociedad Civil deben participar con el gobierno para combatir corrupci\u00f3n: G20.<\/li>\n<\/ul>\n<div class=\"ewa-rteLine\">El 1 de diciembre de 2016, Alemania asumi\u00f3 la presidencia del G-20. El G-20 es el principal foro para la cooperaci\u00f3n internacional en cuestiones financieras y econ\u00f3micas.<\/div>\n<div class=\"ewa-rteLine\">Desde el a\u00f1o 2009 son la prevenci\u00f3n y la lucha contra la corrupci\u00f3n en la agenda del G-20. Prioridades de la Presidencia alemana son medidas para mejorar la integridad de la administraci\u00f3n p\u00fablica y en la lucha contra la corrupci\u00f3n, en particular, las zonas propensas a la corrupci\u00f3n.<\/div>\n<div class=\"ewa-rteLine\">&#8220;Estamos luchando contra la corrupci\u00f3n en estrecha cooperaci\u00f3n con el sector privado y la sociedad civil&#8221;, dijo el ministro federal del Interior, Thomas de Maizi\u00e8re.<\/div>\n<div class=\"ewa-rteLine\">Por tal motivo, se realiz\u00f3 la sexta conferencia contra la corrupci\u00f3n el 26 de enero de 2017 en colaboraci\u00f3n con la OCDE para el G-20 y la participaci\u00f3n de grupos de la industria (B20) y al principio tambi\u00e9n a la sociedad civil (C20). Evento en el que participaron Salvador Ortega L\u00f3pez, Ombudsman Empresarial con registro en la OEA, Isabel Arzoz y Dar\u00edo Ram\u00edrez, de Mexicanos Contra la Corrupci\u00f3n y la Impunidad; Eduardo Boh\u00f3rquez y Rafael Garc\u00eda Aceves, de Transparencia Mexicana; por el sector empresarial: Mar\u00ed\u00ada Contreras, de Log\u00edstica Arrendamiento DMT SA de CV, y del sector gubernamental: Miriam Heredia, de la Procuradur\u00eda General de la Rep\u00fablica y Alejandro Mart\u00ednez Peralta, por la Secretaria de Relaciones Exteriores.<\/div>\n<div class=\"ewa-rteLine\">Este grupo de participaci\u00f3n es una parte integral del proceso del G-20, enriquecerlos con propuestas y opiniones adaptadas y profundizar el di\u00e1logo internacional. &#8220;Con esta inversi\u00f3n podemos hacer de la lucha contra la corrupci\u00f3n una base m\u00e1s amplia. Una iniciativa necesaria bienvenida&#8221;, dijo el ministro del Interior de Maizi\u00e8re.<\/div>\n<div class=\"ewa-rteLine\">La corrupci\u00f3n es ampliamente considerada como un obst\u00e1culo importante para el crecimiento global y el desarrollo sostenible. El G-20 ya ha desarrollado una serie de recomendaciones internacionales para combatir la corrupci\u00f3n.<\/div>\n<div class=\"ewa-rteLine\">La conferencia, que tuvo lugar en Par\u00eds por primera vez en 2011, va m\u00e1s all\u00e1 de estas recomendaciones y se refiere a la aplicaci\u00f3n de medidas contra la corrupci\u00f3n en la pr\u00e1ctica. Un total de 180 representantes de alto nivel de los gobiernos del G-20, y del sector privado y la sociedad civil de 26 pa\u00edses y organizaciones internacionales.<\/div>\n<div class=\"ewa-rteLine\">La conferencia fue dise\u00f1ada conjuntamente por el IMC, BMJV y la OCDE y por el secretario de Estado Vitt (IMC), la secretaria de Estado Billen (BMJV), y abierta por el Sr. Andreas Schaal, director de la OCDE G20 Sous Sherpa. Acerca de Twitter Usted puede escuchar la conferencia #G20anticorruption y unirse a la discusi\u00f3n.<\/div>\n<ul>\n<li class=\"ewa-rteLine\">IP y gobiernos contra corrupci\u00f3n.<\/li>\n<\/ul>\n<div class=\"ewa-rteLine\">Durante la Sexta Conferencia contra la Corrupci\u00f3n del G20 se lleg\u00f3 a la conclusi\u00f3n de que la cuesti\u00f3n de la lucha contra la corrupci\u00f3n y la integridad est\u00e1 cada vez m\u00e1s en el centro del debate p\u00fablico.<\/div>\n<div class=\"ewa-rteLine\">Los socios comerciales, la sociedad civil y los clientes exigen un comportamiento \u00e9tico, transparencia e informes detallados, no s\u00f3lo de las empresas, sino tambi\u00e9n de las autoridades p\u00fablicas. Como respuesta a esta evoluci\u00f3n, muchas empresas y el servicio p\u00fablico han establecido medidas de prevenci\u00f3n de la corrupci\u00f3n.<\/div>\n<div class=\"ewa-rteLine\">Sin embargo, la experiencia demuestra que las reglas y regulaciones no son suficientes para combatir el comportamiento corrupto.<\/div>\n<div class=\"ewa-rteLine\">El cumplimiento debe integrarse en la cultura de servicio p\u00fablico, as\u00ed\u00ad como en la cultura empresarial, para dar a los funcionarios y empleados una orientaci\u00f3n moral y pr\u00e1ctica en las operaciones cotidianas.<\/div>\n<div class=\"ewa-rteLine\">El panel tiene como objetivo discutir v\u00ednculos en la gesti\u00f3n del cumplimiento en el sector empresarial y el sector p\u00fablico e identificar c\u00f3mo ambos sectores pueden trabajar juntos y aprender unos de otros.<\/div>\n<ul>\n<li class=\"ewa-rteLine\">Relevante participaci\u00f3n de la sociedad civil.<\/li>\n<\/ul>\n<div class=\"ewa-rteLine\">La acci\u00f3n colectiva est\u00e1 ganando importancia en la lucha contra la corrupci\u00f3n y ha sido reconocida como un camino prometedor por la comunidad internacional.<\/div>\n<div class=\"ewa-rteLine\">Si las empresas, las autoridades gubernamentales y la sociedad civil unen sus fuerzas, pueden abordar las causas profundas de la corrupci\u00f3n y crear condiciones marco propicias para un crecimiento limpio e inclusivo.<\/div>\n<div class=\"ewa-rteLine\">Esta sesi\u00f3n se centrar\u00e1 en los desaf\u00edos emergentes de las iniciativas de Acci\u00f3n Colectiva, como las preocupaciones anti-trust, con especial \u00e9nfasis en las peque\u00f1as y medianas empresas (PYME). Bajo la percepci\u00f3n de que la corrupci\u00f3n es considerada ampliamente como un obst\u00e1culo importante para el crecimiento mundial y el desarrollo sostenible y en el entendido de que la corrupci\u00f3n disuade la inversi\u00f3n, debilita el imperio de la ley y aumenta los costos y riesgos de hacer negocios, los gobiernos del G20, las empresas y la sociedad civil se han comprometido a unir sus fuerzas, en virtud de lo cual el 26 de enero se reunieron durante la 6\u00aa Conferencia Anual Anticorrupci\u00f3n de Alto Nivel para Gobiernos, Empresas y Sociedad Civil del G20.<\/div>\n<div class=\"ewa-rteLine\">Por M\u00e9xico participan por la sociedad civil: Salvador Ortega L\u00f3pez, Ombudsman Empresarial con registro en la OEA, Isabel Arzoz y Dar\u00edo Ram\u00edrez, de Mexicanos Contra la Corrupci\u00f3n y la Impunidad; Eduardo Boh\u00f3rquez y Rafael Garc\u00eda Aceves, de Transparencia Mexicana; por el sector empresarial: Mar\u00ed\u00ada Contreras, de Log\u00edstica Arrendamiento DMT SA de CV, y del sector gubernamental: Miriam Heredia, de la Procuradur\u00ed\u00ada General de la Rep\u00fablica y Alejandro Mart\u00ednez Peralta, por la Secretaria de Relaciones Exteriores.<\/div>\n<div class=\"ewa-rteLine\">El G20 ha logrado progresos significativos, complementando las directrices internacionales para combatir la corrupci\u00f3n. Esta conferencia pretende ir un paso m\u00e1s all\u00e1, centr\u00e1ndose en la aplicaci\u00f3n de medidas anticorrupci\u00f3n en la pr\u00e1ctica.<\/div>\n<div class=\"ewa-rteLine\">Los participantes del sector p\u00fablico, del sector privado y de la sociedad civil de los pa\u00ed\u00adses del G20 y m\u00e1s all\u00e1 se re\u00fanen para discutir la aplicaci\u00f3n en los siguientes debates tem\u00e1ticos y sectoriales: &#8220;Implementar la Integridad en el Negocio del D\u00eda a D\u00eda&#8221;, &#8220;Implementando Acciones Colectivas: Desaf\u00edos y Oportunidades&#8221;, &#8220;Fomento de las pr\u00e1cticas empresariales apropiadas en el sector farmac\u00e9utico: \u00bfQu\u00e9 papel desempe\u00f1an la reglamentaci\u00f3n y la autorregulaci\u00f3n?&#8221; y &#8220;Fortalecimiento de la Buena Gobernanza\/Anticorrupci\u00f3n en Organizaciones Deportivas Internacionales&#8221;.<\/div>\n<div><\/div>\n<div><a href=\"https:\/\/derechoshumanoseconomicos.com\/wp-content\/uploads\/2024\/07\/Final-Agenda.pdf\">Ver agenda del evento<\/a><\/div>\n<div class=\"ewa-rteLine\"><a href=\"https:\/\/derechoshumanoseconomicos.com\/wp-content\/uploads\/2024\/07\/Get-Together.pdf\">Participantes en la Inauguraci\u00f3n<\/a><\/div>\n<div><a href=\"https:\/\/derechoshumanoseconomicos.com\/wp-content\/uploads\/2024\/07\/List-of-Participants.pdf\">Lista de participantes de M\u00e9xico y el mundo<\/a><\/div>\n","protected":false},"excerpt":{"rendered":"<p>IP y Sociedad Civil deben participar con el gobierno para combatir corrupci\u00f3n: G20. El 1 de diciembre de 2016, Alemania asumi\u00f3 la presidencia del G-20. El G-20 es el principal foro para la cooperaci\u00f3n internacional en cuestiones financieras y econ\u00f3micas. Desde el a\u00f1o 2009 son la prevenci\u00f3n y la lucha contra la corrupci\u00f3n en la [&hellip;]<\/p>\n","protected":false},"author":3,"featured_media":1128,"comment_status":"open","ping_status":"open","sticky":false,"template":"","format":"standard","meta":{"footnotes":""},"categories":[25],"tags":[],"class_list":["post-1472","post","type-post","status-publish","format-standard","has-post-thumbnail","hentry","category-noticias"],"_links":{"self":[{"href":"https:\/\/derechoshumanoseconomicos.com\/index.php\/wp-json\/wp\/v2\/posts\/1472","targetHints":{"allow":["GET"]}}],"collection":[{"href":"https:\/\/derechoshumanoseconomicos.com\/index.php\/wp-json\/wp\/v2\/posts"}],"about":[{"href":"https:\/\/derechoshumanoseconomicos.com\/index.php\/wp-json\/wp\/v2\/types\/post"}],"author":[{"embeddable":true,"href":"https:\/\/derechoshumanoseconomicos.com\/index.php\/wp-json\/wp\/v2\/users\/3"}],"replies":[{"embeddable":true,"href":"https:\/\/derechoshumanoseconomicos.com\/index.php\/wp-json\/wp\/v2\/comments?post=1472"}],"version-history":[{"count":1,"href":"https:\/\/derechoshumanoseconomicos.com\/index.php\/wp-json\/wp\/v2\/posts\/1472\/revisions"}],"predecessor-version":[{"id":1478,"href":"https:\/\/derechoshumanoseconomicos.com\/index.php\/wp-json\/wp\/v2\/posts\/1472\/revisions\/1478"}],"wp:featuredmedia":[{"embeddable":true,"href":"https:\/\/derechoshumanoseconomicos.com\/index.php\/wp-json\/wp\/v2\/media\/1128"}],"wp:attachment":[{"href":"https:\/\/derechoshumanoseconomicos.com\/index.php\/wp-json\/wp\/v2\/media?parent=1472"}],"wp:term":[{"taxonomy":"category","embeddable":true,"href":"https:\/\/derechoshumanoseconomicos.com\/index.php\/wp-json\/wp\/v2\/categories?post=1472"},{"taxonomy":"post_tag","embeddable":true,"href":"https:\/\/derechoshumanoseconomicos.com\/index.php\/wp-json\/wp\/v2\/tags?post=1472"}],"curies":[{"name":"wp","href":"https:\/\/api.w.org\/{rel}","templated":true}]}}