{"id":1484,"date":"2024-07-20T01:20:14","date_gmt":"2024-07-20T01:20:14","guid":{"rendered":"https:\/\/derechoshumanoseconomicos.com\/?p=1484"},"modified":"2024-07-20T01:20:14","modified_gmt":"2024-07-20T01:20:14","slug":"regresiva-la-reforma-fiscal-afecta-mas-a-pequenas-y-mediana-empresas","status":"publish","type":"post","link":"https:\/\/derechoshumanoseconomicos.com\/index.php\/2024\/07\/20\/regresiva-la-reforma-fiscal-afecta-mas-a-pequenas-y-mediana-empresas\/","title":{"rendered":"Regresiva la reforma fiscal, afecta m\u00e1s a peque\u00f1as y mediana empresas"},"content":{"rendered":"<div><img fetchpriority=\"high\" decoding=\"async\" class=\"alignnone size-medium wp-image-1485\" src=\"https:\/\/derechoshumanoseconomicos.com\/wp-content\/uploads\/2024\/07\/portadaSCJN1-300x225.jpg\" alt=\"\" width=\"300\" height=\"225\" srcset=\"https:\/\/derechoshumanoseconomicos.com\/wp-content\/uploads\/2024\/07\/portadaSCJN1-300x225.jpg 300w, https:\/\/derechoshumanoseconomicos.com\/wp-content\/uploads\/2024\/07\/portadaSCJN1.jpg 400w\" sizes=\"(max-width: 300px) 100vw, 300px\" \/>\u00a0 Texto integro de la ponencia<\/div>\n<div class=\"ewa-rteLine\"><a href=\"https:\/\/derechoshumanoseconomicos.com\/wp-content\/uploads\/2024\/07\/JurisprudenciaS-CJN.pdf\">Ver texto del Magistrado<\/a><\/div>\n<div class=\"ewa-rteLine\"><img decoding=\"async\" class=\"alignnone size-medium wp-image-1487\" src=\"https:\/\/derechoshumanoseconomicos.com\/wp-content\/uploads\/2024\/07\/TextoMiguel1-225x300.jpg\" alt=\"\" width=\"225\" height=\"300\" srcset=\"https:\/\/derechoshumanoseconomicos.com\/wp-content\/uploads\/2024\/07\/TextoMiguel1-225x300.jpg 225w, https:\/\/derechoshumanoseconomicos.com\/wp-content\/uploads\/2024\/07\/TextoMiguel1.jpg 300w\" sizes=\"(max-width: 225px) 100vw, 225px\" \/>\u00a0 Punto de vista del Magistrado<\/div>\n<div class=\"ewa-rteLine\">Empresarios afiliados a la Confederaci\u00f3n Patronal de la Rep\u00fablica Mexicana de la Ciudad de M\u00e9xico (Coparmex CDMX) debatieron en torno a la reforma fiscal implementada por el gobierno federal y concluyeron que la establecida en 2014 es m\u00e1s regresiva y da\u00f1a en mayor medida a las peque\u00f1as y medianas empresas.<\/div>\n<div class=\"ewa-rteLine\">Durante una reuni\u00f3n de trabajo, sostenida con el doctor Miguel de Jes\u00fas Alvarado Esquivel, magistrado del Tercer Tribunal Colegiado en Materia Administrativa en la Ciudad de M\u00e9xico, reconocieron graves efectos regresivos y obstaculizadores de la actividad econ\u00f3mica en la Reforma Fiscal vigente.<\/div>\n<div class=\"ewa-rteLine\">En encuentro de fecha 22 de marzo, fue conducido por el CEO Salvador Ortega L\u00f3pez, presidente de la Comisi\u00f3n de Derechos Humanos de la Coparmex CDMX, quien aprovech\u00f3 la oportunidad para hacer entrega de reconocimientos a los asistentes al Diplomado de Mediaci\u00f3n. En tanto, el magistrado Miguel de Jes\u00fas Alvarado Esquivel dict\u00f3 la conferencia &#8220;An\u00e1lisis de la Jurisprudencia de la SCJN&#8221;.<\/div>\n<div class=\"ewa-rteLine\">En la reuni\u00f3n advirtieron que la Reforma Fiscal de 2014 es la m\u00e1s agresiva, peligrosa y riesgosa que se ha visto en el pa\u00ed\u00ads y adem\u00e1s de poner en riesgo los derechos fiscales de los contribuyentes al generar 21 delitos sin haber otorgado m\u00e1s derechos.<\/div>\n<div class=\"ewa-rteLine\">El presidente de Coparmex-CDMX, Jes\u00fas Padilla Zenteno puso en tela de juicio las pesadas cargas fiscales que recibe el aparato productivo del pa\u00eds, con el \u00fanico objetivo de elevar la tributaci\u00f3n para equilibrar los gastos del Gobierno sin que ello se traduzca en mayor inversi\u00f3n.<\/div>\n<div class=\"ewa-rteLine\">En este sentido, el magistrado Alvarado Esquivel reiter\u00f3 que el objetivo de una legislaci\u00f3n fiscal es garantizar los derechos de los gobernados y no entorpecer con cargas fiscales el libre curso de la actividad econ\u00f3mica.<\/div>\n<div class=\"ewa-rteLine\">Cuestionaron la funcionalidad del buz\u00f3n fiscal y la excesiva vigilancia que el SAT ejerce sobre los peque\u00f1os y medianos contribuyentes, sin que se generen nuevos mecanismos para apoyar a quienes construyan empresas y generan empleos formales.<\/div>\n<div class=\"ewa-rteLine\">&#8220;Se requiere una Hacienda P\u00fablica que mantenga relaciones de respeto y no de interferencia en el aparato productivo&#8221;, se\u00f1al\u00f3 el magistrado, tras afirmar que el sistema fiscal que rige hoy a M\u00e9xico es muy distinto del que se aplica en los pa\u00ed\u00adses avanzados.<\/div>\n<div class=\"ewa-rteLine\">Jes\u00fas Padilla consider\u00f3 que la prevalencia del Estado de Derecho es una garant\u00eda de competitividad, pero es importante que estas leyes correspondan con la realidad que enfrenta diariamente el empresariado.<\/div>\n<div class=\"ewa-rteLine\">&#8220;Estamos profundamente interesados en que la justicia fiscal y administrativa sea parte cotidiana de la certeza jur\u00eddica que se vive en nuestra capital&#8221;, expres\u00f3 Padilla Zenteno y consider\u00f3 fundamental el acercamiento de los empresarios con los tribunales colegiados.<\/div>\n<div class=\"ewa-rteLine\">El dirigente de Coparmex-CDMX reiter\u00f3 la aspiraci\u00f3n por tener una justicia que sea pronta, expedita y castigue aquellos actos que atentan contra el patrimonio de los empresarios, quienes finalmente, contribuimos a generar empleos y al desarrollo econ\u00f3mico de nuestro pa\u00ed\u00ads.<\/div>\n<div class=\"ewa-rteLine\">Finalmente apunt\u00f3 la intenci\u00f3n de que empresarios y autoridades vayan de la mano en la b\u00fasqueda de salvaguardar la justicia y combatir la impunidad y la corrupci\u00f3n a nivel nacional.<\/div>\n","protected":false},"excerpt":{"rendered":"<p>\u00a0 Texto integro de la ponencia Ver texto del Magistrado \u00a0 Punto de vista del Magistrado Empresarios afiliados a la Confederaci\u00f3n Patronal de la Rep\u00fablica Mexicana de la Ciudad de M\u00e9xico (Coparmex CDMX) debatieron en torno a la reforma fiscal implementada por el gobierno federal y concluyeron que la establecida en 2014 es m\u00e1s regresiva [&hellip;]<\/p>\n","protected":false},"author":3,"featured_media":1128,"comment_status":"open","ping_status":"open","sticky":false,"template":"","format":"standard","meta":{"footnotes":""},"categories":[25],"tags":[],"class_list":["post-1484","post","type-post","status-publish","format-standard","has-post-thumbnail","hentry","category-noticias"],"_links":{"self":[{"href":"https:\/\/derechoshumanoseconomicos.com\/index.php\/wp-json\/wp\/v2\/posts\/1484","targetHints":{"allow":["GET"]}}],"collection":[{"href":"https:\/\/derechoshumanoseconomicos.com\/index.php\/wp-json\/wp\/v2\/posts"}],"about":[{"href":"https:\/\/derechoshumanoseconomicos.com\/index.php\/wp-json\/wp\/v2\/types\/post"}],"author":[{"embeddable":true,"href":"https:\/\/derechoshumanoseconomicos.com\/index.php\/wp-json\/wp\/v2\/users\/3"}],"replies":[{"embeddable":true,"href":"https:\/\/derechoshumanoseconomicos.com\/index.php\/wp-json\/wp\/v2\/comments?post=1484"}],"version-history":[{"count":1,"href":"https:\/\/derechoshumanoseconomicos.com\/index.php\/wp-json\/wp\/v2\/posts\/1484\/revisions"}],"predecessor-version":[{"id":1488,"href":"https:\/\/derechoshumanoseconomicos.com\/index.php\/wp-json\/wp\/v2\/posts\/1484\/revisions\/1488"}],"wp:featuredmedia":[{"embeddable":true,"href":"https:\/\/derechoshumanoseconomicos.com\/index.php\/wp-json\/wp\/v2\/media\/1128"}],"wp:attachment":[{"href":"https:\/\/derechoshumanoseconomicos.com\/index.php\/wp-json\/wp\/v2\/media?parent=1484"}],"wp:term":[{"taxonomy":"category","embeddable":true,"href":"https:\/\/derechoshumanoseconomicos.com\/index.php\/wp-json\/wp\/v2\/categories?post=1484"},{"taxonomy":"post_tag","embeddable":true,"href":"https:\/\/derechoshumanoseconomicos.com\/index.php\/wp-json\/wp\/v2\/tags?post=1484"}],"curies":[{"name":"wp","href":"https:\/\/api.w.org\/{rel}","templated":true}]}}