{"id":1503,"date":"2024-07-20T02:54:45","date_gmt":"2024-07-20T02:54:45","guid":{"rendered":"https:\/\/derechoshumanoseconomicos.com\/?p=1503"},"modified":"2024-07-20T02:59:39","modified_gmt":"2024-07-20T02:59:39","slug":"se-pronuncia-el-ombudsman-empresarial-por-mayor-participacion-de-la-sociedad-civil-en-la-cumbre-de-las-americas-2","status":"publish","type":"post","link":"https:\/\/derechoshumanoseconomicos.com\/index.php\/2024\/07\/20\/se-pronuncia-el-ombudsman-empresarial-por-mayor-participacion-de-la-sociedad-civil-en-la-cumbre-de-las-americas-2\/","title":{"rendered":"Se pronuncia el Ombudsman Empresarial por mayor participaci\u00f3n de la Sociedad Civil en la Cumbre de las Am\u00e9ricas"},"content":{"rendered":"<div class=\"ewa-rteLine\">Se pronuncia el Ombudsman Empresarial por mayor participaci\u00f3n de la Sociedad Civil en la Cumbre de las Am\u00e9ricas.<\/div>\n<div><img fetchpriority=\"high\" decoding=\"async\" class=\"alignnone size-medium wp-image-1504\" src=\"https:\/\/derechoshumanoseconomicos.com\/wp-content\/uploads\/2024\/07\/sol-en-oea-300x200.jpg\" alt=\"\" width=\"300\" height=\"200\" srcset=\"https:\/\/derechoshumanoseconomicos.com\/wp-content\/uploads\/2024\/07\/sol-en-oea-300x200.jpg 300w, https:\/\/derechoshumanoseconomicos.com\/wp-content\/uploads\/2024\/07\/sol-en-oea.jpg 600w\" sizes=\"(max-width: 300px) 100vw, 300px\" \/><\/div>\n<div class=\"ewa-rteLine\">Salvador Ortega L\u00f3pez durante su intervenci\u00f3n en el pleno de la OEA.<\/div>\n<div class=\"ewa-rteLine\">El Ombudsman empresarial de M\u00e9xico, Salvador Ortega L\u00f3pez, propuso ante el seno de la reuni\u00f3n del Mecanismo de Seguimiento de la Implementaci\u00f3n de la Convenci\u00f3n Interamericana contra la Corrupci\u00f3n (MESICIC), celebrada el 13 de septiembre de 2017 en Washington DC una mayor participaci\u00f3n de la sociedad civil, particularmente de la iniciativa privada para que puedan incidir en pol\u00edticas p\u00fablicas y exigirle a los gobiernos que entreguen cuentas claras de los recursos que se les asignan.<\/div>\n<div class=\"ewa-rteLine\">El ombudsman viaj\u00f3 a Washington, a la sede de la OEA, para exponer sus puntos de vista y dijo que ha estado revisando las propuesta de 6 a\u00f1os del MESICIC y recalc\u00f3 la importancia de la participaci\u00f3n de la sociedad civil en la Cumbre de las Am\u00e9ricas, en virtud de que la iniciativa privada &#8220;Somos quienes aportamos las fuentes de empleo para el desarrollo de los pa\u00ed\u00adses y esa es una raz\u00f3n fundamental para que nos incluyan en este mecanismo internacional&#8221;, se\u00f1al\u00f3.<\/div>\n<div class=\"ewa-rteLine\">Ortega L\u00f3pez explic\u00f3 que existe un nuevo sistema tanto en Alemania como en el Reino Unido, donde se detecta los prestanombres de los grandes capitales que son casos de corrupci\u00f3n al ponerse de manifiesto grandes cantidades de dinero, lo cual no puede ser.<\/div>\n<div class=\"ewa-rteLine\">Insisti\u00f3 en que la sociedad civil sea incluida en los acuerdos de la Cumbre de las Am\u00e9ricas y pidi\u00f3 que no pase lo que en la mayor\u00eda de \u00e9stas reuniones donde se toman muchos acuerdo y pocos se concretan, pues se\u00f1al\u00f3 que &#8220;es necesario que se incluya a la sociedad civil para que presione a los gobiernos y se pueda avanzar como pa\u00ed\u00ads&#8221;.<\/div>\n<div><a href=\"https:\/\/derechoshumanoseconomicos.com\/wp-content\/uploads\/2024\/07\/Se-pronuncia-Ombudsman-en-la-OEA.pdf\">Ver texto<\/a><\/div>\n<div class=\"ewa-rteLine\">Ver video<\/div>\n","protected":false},"excerpt":{"rendered":"<p>Se pronuncia el Ombudsman Empresarial por mayor participaci\u00f3n de la Sociedad Civil en la Cumbre de las Am\u00e9ricas. Salvador Ortega L\u00f3pez durante su intervenci\u00f3n en el pleno de la OEA. El Ombudsman empresarial de M\u00e9xico, Salvador Ortega L\u00f3pez, propuso ante el seno de la reuni\u00f3n del Mecanismo de Seguimiento de la Implementaci\u00f3n de la Convenci\u00f3n [&hellip;]<\/p>\n","protected":false},"author":3,"featured_media":0,"comment_status":"open","ping_status":"open","sticky":false,"template":"","format":"standard","meta":{"footnotes":""},"categories":[25,13],"tags":[],"class_list":["post-1503","post","type-post","status-publish","format-standard","hentry","category-noticias","category-ombudsman"],"_links":{"self":[{"href":"https:\/\/derechoshumanoseconomicos.com\/index.php\/wp-json\/wp\/v2\/posts\/1503","targetHints":{"allow":["GET"]}}],"collection":[{"href":"https:\/\/derechoshumanoseconomicos.com\/index.php\/wp-json\/wp\/v2\/posts"}],"about":[{"href":"https:\/\/derechoshumanoseconomicos.com\/index.php\/wp-json\/wp\/v2\/types\/post"}],"author":[{"embeddable":true,"href":"https:\/\/derechoshumanoseconomicos.com\/index.php\/wp-json\/wp\/v2\/users\/3"}],"replies":[{"embeddable":true,"href":"https:\/\/derechoshumanoseconomicos.com\/index.php\/wp-json\/wp\/v2\/comments?post=1503"}],"version-history":[{"count":2,"href":"https:\/\/derechoshumanoseconomicos.com\/index.php\/wp-json\/wp\/v2\/posts\/1503\/revisions"}],"predecessor-version":[{"id":1508,"href":"https:\/\/derechoshumanoseconomicos.com\/index.php\/wp-json\/wp\/v2\/posts\/1503\/revisions\/1508"}],"wp:attachment":[{"href":"https:\/\/derechoshumanoseconomicos.com\/index.php\/wp-json\/wp\/v2\/media?parent=1503"}],"wp:term":[{"taxonomy":"category","embeddable":true,"href":"https:\/\/derechoshumanoseconomicos.com\/index.php\/wp-json\/wp\/v2\/categories?post=1503"},{"taxonomy":"post_tag","embeddable":true,"href":"https:\/\/derechoshumanoseconomicos.com\/index.php\/wp-json\/wp\/v2\/tags?post=1503"}],"curies":[{"name":"wp","href":"https:\/\/api.w.org\/{rel}","templated":true}]}}