{"id":1509,"date":"2024-07-20T03:15:17","date_gmt":"2024-07-20T03:15:17","guid":{"rendered":"https:\/\/derechoshumanoseconomicos.com\/?p=1509"},"modified":"2024-07-20T03:15:17","modified_gmt":"2024-07-20T03:15:17","slug":"firma-coparmex-convenio-de-colaboracion-con-tribunal-de-justicia-administrativa","status":"publish","type":"post","link":"https:\/\/derechoshumanoseconomicos.com\/index.php\/2024\/07\/20\/firma-coparmex-convenio-de-colaboracion-con-tribunal-de-justicia-administrativa\/","title":{"rendered":"Firma Coparmex convenio de colaboraci\u00f3n con Tribunal de Justicia Administrativa"},"content":{"rendered":"<div class=\"ewa-rteLine\">Firma Coparmex convenio de colaboraci\u00f3n con Tribunal de Justicia Administrativa.<\/div>\n<div><img fetchpriority=\"high\" decoding=\"async\" class=\"alignnone size-medium wp-image-1510\" src=\"https:\/\/derechoshumanoseconomicos.com\/wp-content\/uploads\/2024\/07\/FB_IMG_1507386596369-300x200.jpg\" alt=\"\" width=\"300\" height=\"200\" srcset=\"https:\/\/derechoshumanoseconomicos.com\/wp-content\/uploads\/2024\/07\/FB_IMG_1507386596369-300x200.jpg 300w, https:\/\/derechoshumanoseconomicos.com\/wp-content\/uploads\/2024\/07\/FB_IMG_1507386596369.jpg 480w\" sizes=\"(max-width: 300px) 100vw, 300px\" \/><\/div>\n<div class=\"ewa-rteLine\">La Confederaci\u00f3n Patronal de la Rep\u00fablica Mexicana (Coparmex) CDMX, sign\u00f3 un convenio de colaboraci\u00f3n con el Tribunal de Justicia Administrativa de la Ciudad de M\u00e9xico para impulsar la investigaci\u00f3n acad\u00e9mica en temas sobre el combate a la corrupci\u00f3n, todo ello en el marco de la campa\u00f1a que impulsa el centro empresarial de cero corrupci\u00f3n.<\/div>\n<div class=\"ewa-rteLine\">Al evento asistieron, el presidente del Centro Empresarial Coparmex CDMX, Jes\u00fas Padilla Zenteno, el presidente de la delegaci\u00f3n Oriente de Coparmex, Salvador Ortega L\u00f3pez, Jorge Cruz, presidente de la delegaci\u00f3n norte, entre otros empresarios y funcionarios con la representaci\u00f3n del Tribunal de Justicia Administrativa.<\/div>\n<div class=\"ewa-rteLine\">La firma de esta colaboraci\u00f3n se realiz\u00f3 en las instalaciones del TJA de la CDMX el d\u00eda 5 de octubre del presente a\u00f1o.<\/div>\n<div><a href=\"https:\/\/derechoshumanoseconomicos.com\/wp-content\/uploads\/2024\/07\/Firma-Coparmex-convenio-de-colaboracin-1.pdf\">Ver nota<\/a><\/div>\n","protected":false},"excerpt":{"rendered":"<p>Firma Coparmex convenio de colaboraci\u00f3n con Tribunal de Justicia Administrativa. La Confederaci\u00f3n Patronal de la Rep\u00fablica Mexicana (Coparmex) CDMX, sign\u00f3 un convenio de colaboraci\u00f3n con el Tribunal de Justicia Administrativa de la Ciudad de M\u00e9xico para impulsar la investigaci\u00f3n acad\u00e9mica en temas sobre el combate a la corrupci\u00f3n, todo ello en el marco de la [&hellip;]<\/p>\n","protected":false},"author":3,"featured_media":1128,"comment_status":"open","ping_status":"open","sticky":false,"template":"","format":"standard","meta":{"footnotes":""},"categories":[25],"tags":[],"class_list":["post-1509","post","type-post","status-publish","format-standard","has-post-thumbnail","hentry","category-noticias"],"_links":{"self":[{"href":"https:\/\/derechoshumanoseconomicos.com\/index.php\/wp-json\/wp\/v2\/posts\/1509","targetHints":{"allow":["GET"]}}],"collection":[{"href":"https:\/\/derechoshumanoseconomicos.com\/index.php\/wp-json\/wp\/v2\/posts"}],"about":[{"href":"https:\/\/derechoshumanoseconomicos.com\/index.php\/wp-json\/wp\/v2\/types\/post"}],"author":[{"embeddable":true,"href":"https:\/\/derechoshumanoseconomicos.com\/index.php\/wp-json\/wp\/v2\/users\/3"}],"replies":[{"embeddable":true,"href":"https:\/\/derechoshumanoseconomicos.com\/index.php\/wp-json\/wp\/v2\/comments?post=1509"}],"version-history":[{"count":1,"href":"https:\/\/derechoshumanoseconomicos.com\/index.php\/wp-json\/wp\/v2\/posts\/1509\/revisions"}],"predecessor-version":[{"id":1512,"href":"https:\/\/derechoshumanoseconomicos.com\/index.php\/wp-json\/wp\/v2\/posts\/1509\/revisions\/1512"}],"wp:featuredmedia":[{"embeddable":true,"href":"https:\/\/derechoshumanoseconomicos.com\/index.php\/wp-json\/wp\/v2\/media\/1128"}],"wp:attachment":[{"href":"https:\/\/derechoshumanoseconomicos.com\/index.php\/wp-json\/wp\/v2\/media?parent=1509"}],"wp:term":[{"taxonomy":"category","embeddable":true,"href":"https:\/\/derechoshumanoseconomicos.com\/index.php\/wp-json\/wp\/v2\/categories?post=1509"},{"taxonomy":"post_tag","embeddable":true,"href":"https:\/\/derechoshumanoseconomicos.com\/index.php\/wp-json\/wp\/v2\/tags?post=1509"}],"curies":[{"name":"wp","href":"https:\/\/api.w.org\/{rel}","templated":true}]}}