{"id":1521,"date":"2024-07-20T04:35:30","date_gmt":"2024-07-20T04:35:30","guid":{"rendered":"https:\/\/derechoshumanoseconomicos.com\/?p=1521"},"modified":"2024-07-20T04:35:30","modified_gmt":"2024-07-20T04:35:30","slug":"preocupa-a-coparmex-movilidad-en-la-ciudad-de-mexico","status":"publish","type":"post","link":"https:\/\/derechoshumanoseconomicos.com\/index.php\/2024\/07\/20\/preocupa-a-coparmex-movilidad-en-la-ciudad-de-mexico\/","title":{"rendered":"Preocupa a Coparmex movilidad en la Ciudad de M\u00e9xico"},"content":{"rendered":"<div><img fetchpriority=\"high\" decoding=\"async\" class=\"alignnone size-medium wp-image-1522\" src=\"https:\/\/derechoshumanoseconomicos.com\/wp-content\/uploads\/2024\/07\/movilidad-interior-300x200.jpg\" alt=\"\" width=\"300\" height=\"200\" srcset=\"https:\/\/derechoshumanoseconomicos.com\/wp-content\/uploads\/2024\/07\/movilidad-interior-300x200.jpg 300w, https:\/\/derechoshumanoseconomicos.com\/wp-content\/uploads\/2024\/07\/movilidad-interior.jpg 600w\" sizes=\"(max-width: 300px) 100vw, 300px\" \/><\/div>\n<div class=\"ewa-rteLine\">La p\u00e9rdida de horas hombre en el tr\u00e1fico de la ciudad, es una preocupaci\u00f3n primordial para los empresarios de Coparmex de la Ciudad de M\u00e9xico, expres\u00f3 el ombudsman empresarial, Salvador Ortega L\u00f3pez.<\/div>\n<div class=\"ewa-rteLine\">En reuni\u00f3n con empresarios de la capital el pasado 22 de febrero, la subsecretaria de planeaci\u00f3n de la secretar\u00ed\u00ada de movilidad del gobierno de la ciudad, Laura Ballesteros Mancilla enumer\u00f3 las acciones que llevan a cabo en la secretar\u00ed\u00ada de movilidad, as\u00ed\u00ad como; los pendientes que a\u00fan tienen con la sociedad.<\/div>\n<div class=\"ewa-rteLine\">Adem\u00e1s dijo que se tiene un manual de banquetas en la ciudad para la construcci\u00f3n y dise\u00f1o de las mismas, pero tambi\u00e9n acept\u00f3 que existe un exceso de fantasmas, macetones y topes que dificultan la circulaci\u00f3n.<\/div>\n<div class=\"ewa-rteLine\">Asegur\u00f3 que con estas medidas se han disminuido en gran porcentaje las muertes en la ciudad.<\/div>\n<div class=\"ewa-rteLine\">Mientras que, Ortega L\u00f3pez, se manifest\u00f3 tambi\u00e9n por imponer un seguro de responsabilidad civil porque eso disminuir\u00eda los embotellamientos, eliminar la anarqu\u00eda de los microbuses por falta de presencia de Polic\u00eda en las calles, el bloqueo de calles por los edificios da\u00f1ados por el temblor de septiembre 19, pasar de 35 km por hora a s\u00f3lo 7 km por hora en el desplazamiento por la ciudad.<\/div>\n<div class=\"ewa-rteLine\">Por su parte, los empresarios cuestionaron algunas de las acciones emprendida por el gobierno de Miguel \u00c1ngel Macera, al destruir banquetas en buen estado para construir unas nuevas sin ninguna raz\u00f3n aparente.<\/div>\n<div class=\"ewa-rteLine\">El ombudsman empresarial y presidente de la delegaci\u00f3n oriente de Coparmex a\u00f1adi\u00f3 que con la contaminaci\u00f3n que se est\u00e1 generando en la ciudad est\u00e1n matando a ni\u00f1os menores de 5 a\u00f1os y a los adultos mayores, porque seg\u00fan datos de la Secretar\u00ed\u00ada de Salud, ha incidido en los casos de muertes por c\u00e1ncer.<\/div>\n<div><a href=\"https:\/\/derechoshumanoseconomicos.com\/wp-content\/uploads\/2024\/07\/3Preocupa-a-Coparmex-Movilidad-en-la-Ciudad-de-Mxico.pdf\">Ver texto completo<\/a><\/div>\n","protected":false},"excerpt":{"rendered":"<p>La p\u00e9rdida de horas hombre en el tr\u00e1fico de la ciudad, es una preocupaci\u00f3n primordial para los empresarios de Coparmex de la Ciudad de M\u00e9xico, expres\u00f3 el ombudsman empresarial, Salvador Ortega L\u00f3pez. En reuni\u00f3n con empresarios de la capital el pasado 22 de febrero, la subsecretaria de planeaci\u00f3n de la secretar\u00ed\u00ada de movilidad del gobierno [&hellip;]<\/p>\n","protected":false},"author":3,"featured_media":1128,"comment_status":"open","ping_status":"open","sticky":false,"template":"","format":"standard","meta":{"footnotes":""},"categories":[25],"tags":[],"class_list":["post-1521","post","type-post","status-publish","format-standard","has-post-thumbnail","hentry","category-noticias"],"_links":{"self":[{"href":"https:\/\/derechoshumanoseconomicos.com\/index.php\/wp-json\/wp\/v2\/posts\/1521","targetHints":{"allow":["GET"]}}],"collection":[{"href":"https:\/\/derechoshumanoseconomicos.com\/index.php\/wp-json\/wp\/v2\/posts"}],"about":[{"href":"https:\/\/derechoshumanoseconomicos.com\/index.php\/wp-json\/wp\/v2\/types\/post"}],"author":[{"embeddable":true,"href":"https:\/\/derechoshumanoseconomicos.com\/index.php\/wp-json\/wp\/v2\/users\/3"}],"replies":[{"embeddable":true,"href":"https:\/\/derechoshumanoseconomicos.com\/index.php\/wp-json\/wp\/v2\/comments?post=1521"}],"version-history":[{"count":1,"href":"https:\/\/derechoshumanoseconomicos.com\/index.php\/wp-json\/wp\/v2\/posts\/1521\/revisions"}],"predecessor-version":[{"id":1524,"href":"https:\/\/derechoshumanoseconomicos.com\/index.php\/wp-json\/wp\/v2\/posts\/1521\/revisions\/1524"}],"wp:featuredmedia":[{"embeddable":true,"href":"https:\/\/derechoshumanoseconomicos.com\/index.php\/wp-json\/wp\/v2\/media\/1128"}],"wp:attachment":[{"href":"https:\/\/derechoshumanoseconomicos.com\/index.php\/wp-json\/wp\/v2\/media?parent=1521"}],"wp:term":[{"taxonomy":"category","embeddable":true,"href":"https:\/\/derechoshumanoseconomicos.com\/index.php\/wp-json\/wp\/v2\/categories?post=1521"},{"taxonomy":"post_tag","embeddable":true,"href":"https:\/\/derechoshumanoseconomicos.com\/index.php\/wp-json\/wp\/v2\/tags?post=1521"}],"curies":[{"name":"wp","href":"https:\/\/api.w.org\/{rel}","templated":true}]}}