{"id":1533,"date":"2024-07-20T08:44:48","date_gmt":"2024-07-20T08:44:48","guid":{"rendered":"https:\/\/derechoshumanoseconomicos.com\/?p=1533"},"modified":"2024-07-20T08:44:48","modified_gmt":"2024-07-20T08:44:48","slug":"asiste-ombudsman-empresarial-a-convencion-interamericana-cifta","status":"publish","type":"post","link":"https:\/\/derechoshumanoseconomicos.com\/index.php\/2024\/07\/20\/asiste-ombudsman-empresarial-a-convencion-interamericana-cifta\/","title":{"rendered":"Asiste Ombudsman Empresarial a Convenci\u00f3n Interamericana CIFTA"},"content":{"rendered":"<div class=\"ewa-rteLine\">Exige la SRE respeto mutuo, en el marco de la Convenci\u00f3n Interamericana del CIFTA.<\/div>\n<div><img fetchpriority=\"high\" decoding=\"async\" class=\"alignnone size-medium wp-image-1534\" src=\"https:\/\/derechoshumanoseconomicos.com\/wp-content\/uploads\/2024\/07\/cifta1-300x200.jpg\" alt=\"\" width=\"300\" height=\"200\" srcset=\"https:\/\/derechoshumanoseconomicos.com\/wp-content\/uploads\/2024\/07\/cifta1-300x200.jpg 300w, https:\/\/derechoshumanoseconomicos.com\/wp-content\/uploads\/2024\/07\/cifta1.jpg 600w\" sizes=\"(max-width: 300px) 100vw, 300px\" \/><\/div>\n<div class=\"ewa-rteLine\">Como mexicanos, no podemos cooperar de buena fe si constatamos diariamente ataques directos en contra de nuestro pa\u00ed\u00ads, expres\u00f3 el subsecretario para Asuntos Multilaterales y Derechos Humanos, de la Secretar\u00ed\u00ada de Relaciones Exteriores (SRE), Miguel Ruiz Caba\u00f1as. Al clausurar los trabajos de la Cuarta Conferencia de Estados Parte de la Convenci\u00f3n Interamericana contra la Fabricaci\u00f3n y el Tr\u00e1fico Il\u00edcitos de Armas de Fuego, Municiones, Explosivos y Otros Materiales Relacionados, el subsecretario dijo que la autentica cooperaci\u00f3n exige respeto mutuo. &#8220;Exigimos respeto a la dignidad de los mexicanos. Frente a los agravios todos los mexicanos nos unimos; rechazamos con energ\u00eda la criminalizaci\u00f3n que se hace de nuestro pa\u00ed\u00ads y de nuestro pueblo&#8221;, enfatiz\u00f3 Ruiz Caba\u00f1as. Cuando no se valora la cooperaci\u00f3n, abund\u00f3, se corre el enorme riesgo de perderla.<\/div>\n<div class=\"ewa-rteLine\">&#8220;No puede haber cooperaci\u00f3n sin que haya respeto; respeto a la dignidad nacional y a la soberan\u00eda de cada uno de nuestros pa\u00ed\u00adses&#8221;, remarc\u00f3.<\/div>\n<div class=\"ewa-rteLine\">Ante la secretaria de Seguridad Multidimensional de la Organizaci\u00f3n de Estados Americanos (OEA), Claudia Paz y Paz, y delegados de diversos pa\u00edses miembros de la OEA, Ruiz Caba\u00f1as dijo que el reto m\u00e1s grande en materia de seguridad p\u00fablica que enfrenta el continente es el tr\u00e1fico il\u00edcito de armas y su impacto en la sociedad. Destac\u00f3 que m\u00e1s de 740 mil personas mueren violentamente cada a\u00f1o a causa de las armas en todo el mundo.<\/div>\n<div class=\"ewa-rteLine\">M\u00e9xico, resalt\u00f3 el funcionario, est\u00e1 especialmente afectado por el tr\u00e1fico de armas que llevan a cabo las organizaciones criminales transnacionales.<\/div>\n<div class=\"ewa-rteLine\">Mencion\u00f3 que cada a\u00f1o ingresan ilegalmente al pa\u00ed\u00ads m\u00e1s de 200 mil armas desde la frontera norte, &#8220;alimentando y empoderando al crimen organizado y multiplicando la violencia y la muerte&#8221;.<\/div>\n<div class=\"ewa-rteLine\">La regi\u00f3n, lament\u00f3 el subsecretario, es una de las m\u00e1s afectadas a nivel mundial por el tr\u00e1fico de armas.<\/div>\n<div class=\"ewa-rteLine\">&#8220;Como gobiernos debemos ser m\u00e1s preventivos, activos y responsables para frenar la violencia y las muertes que son causadas por las armas del tr\u00e1fico il\u00edcito.<\/div>\n<div class=\"ewa-rteLine\">&#8220;La acci\u00f3n de todos es urgente; debemos escuchar el llamado que hacen nuestras sociedades para regular m\u00e1s eficazmente el comercio, posesi\u00f3n y transferencia de armas para asegurarnos que \u00e9stas no lleguen a las manos equivocadas, es decir, a los terroristas, al crimen organizado, a menores de edad o personas desequilibradas que puedan cometer asesinatos en masa&#8221;, inst\u00f3.<\/div>\n<div class=\"ewa-rteLine\">La sociedad exige mayor seguridad p\u00fablica y vivir sin violencia, remarc\u00f3 Ruiz Caba\u00f1as, quien destac\u00f3 que se requiere fortalecer la cooperaci\u00f3n internacional para erradicar este problema.<\/div>\n<div class=\"ewa-rteLine\">En dicho evento estuvo presente el Ombudsman Empresarial, CEO. Salvador Ortega L\u00f3pez.<\/div>\n","protected":false},"excerpt":{"rendered":"<p>Exige la SRE respeto mutuo, en el marco de la Convenci\u00f3n Interamericana del CIFTA. Como mexicanos, no podemos cooperar de buena fe si constatamos diariamente ataques directos en contra de nuestro pa\u00ed\u00ads, expres\u00f3 el subsecretario para Asuntos Multilaterales y Derechos Humanos, de la Secretar\u00ed\u00ada de Relaciones Exteriores (SRE), Miguel Ruiz Caba\u00f1as. Al clausurar los trabajos [&hellip;]<\/p>\n","protected":false},"author":3,"featured_media":1125,"comment_status":"open","ping_status":"open","sticky":false,"template":"","format":"standard","meta":{"footnotes":""},"categories":[13],"tags":[],"class_list":["post-1533","post","type-post","status-publish","format-standard","has-post-thumbnail","hentry","category-ombudsman"],"_links":{"self":[{"href":"https:\/\/derechoshumanoseconomicos.com\/index.php\/wp-json\/wp\/v2\/posts\/1533","targetHints":{"allow":["GET"]}}],"collection":[{"href":"https:\/\/derechoshumanoseconomicos.com\/index.php\/wp-json\/wp\/v2\/posts"}],"about":[{"href":"https:\/\/derechoshumanoseconomicos.com\/index.php\/wp-json\/wp\/v2\/types\/post"}],"author":[{"embeddable":true,"href":"https:\/\/derechoshumanoseconomicos.com\/index.php\/wp-json\/wp\/v2\/users\/3"}],"replies":[{"embeddable":true,"href":"https:\/\/derechoshumanoseconomicos.com\/index.php\/wp-json\/wp\/v2\/comments?post=1533"}],"version-history":[{"count":2,"href":"https:\/\/derechoshumanoseconomicos.com\/index.php\/wp-json\/wp\/v2\/posts\/1533\/revisions"}],"predecessor-version":[{"id":1536,"href":"https:\/\/derechoshumanoseconomicos.com\/index.php\/wp-json\/wp\/v2\/posts\/1533\/revisions\/1536"}],"wp:featuredmedia":[{"embeddable":true,"href":"https:\/\/derechoshumanoseconomicos.com\/index.php\/wp-json\/wp\/v2\/media\/1125"}],"wp:attachment":[{"href":"https:\/\/derechoshumanoseconomicos.com\/index.php\/wp-json\/wp\/v2\/media?parent=1533"}],"wp:term":[{"taxonomy":"category","embeddable":true,"href":"https:\/\/derechoshumanoseconomicos.com\/index.php\/wp-json\/wp\/v2\/categories?post=1533"},{"taxonomy":"post_tag","embeddable":true,"href":"https:\/\/derechoshumanoseconomicos.com\/index.php\/wp-json\/wp\/v2\/tags?post=1533"}],"curies":[{"name":"wp","href":"https:\/\/api.w.org\/{rel}","templated":true}]}}