{"id":1688,"date":"2024-10-18T04:10:20","date_gmt":"2024-10-18T04:10:20","guid":{"rendered":"https:\/\/derechoshumanoseconomicos.com\/?p=1688"},"modified":"2024-10-18T04:12:16","modified_gmt":"2024-10-18T04:12:16","slug":"centros-de-integracion-juvenil","status":"publish","type":"post","link":"https:\/\/derechoshumanoseconomicos.com\/index.php\/2024\/10\/18\/centros-de-integracion-juvenil\/","title":{"rendered":"Centros de Integraci\u00f3n Juvenil"},"content":{"rendered":"<ul>\n<li class=\"ewa-rteLine\">Combate a las drogas requiere de una nueva pol\u00edtica p\u00fablica, se destac\u00f3 en el 18 Congreso Internacional de Adicciones.<\/li>\n<\/ul>\n<p style=\"text-align: right;\"><a href=\"https:\/\/derechoshumanoseconomicos.com\/wp-content\/uploads\/2024\/07\/Cij.pdf\">Ver nota completa<\/a><\/p>\n<p>&nbsp;<\/p>\n<ul>\n<li class=\"ewa-rteLine\">Reuni\u00f3n del 60 Consejo Ordinario de Sesiones de la Comisi\u00f3n Interamericana del Control y el Abuso de las Drogas (CICAD).<\/li>\n<\/ul>\n<p style=\"text-align: right;\"><a href=\"https:\/\/derechoshumanoseconomicos.com\/wp-content\/uploads\/2024\/07\/oea008-1.pdf\">Ver texto<\/a><\/p>\n<div class=\"ewa-rteLine\" style=\"text-align: right;\"><a href=\"https:\/\/derechoshumanoseconomicos.com\/wp-content\/uploads\/2024\/07\/CICAD-60-Agenda-Preliminar-2.pdf\">Agenda preliminar<\/a><\/div>\n<div class=\"ewa-rteLine\" style=\"text-align: right;\"><a href=\"https:\/\/derechoshumanoseconomicos.com\/wp-content\/uploads\/2024\/07\/CICAD-60-Boletin-Informativo-1.pdf\">Bolet\u00edn informativo<\/a><\/div>\n<div style=\"text-align: right;\"><a href=\"https:\/\/derechoshumanoseconomicos.com\/wp-content\/uploads\/2024\/07\/CICAD-60-Boletin-Informativo-1.pdf\">CICAD 60 &#8211; Boletin Informativo<\/a><\/div>\n<div class=\"ewa-rteLine\" style=\"text-align: right;\"><a href=\"https:\/\/derechoshumanoseconomicos.com\/wp-content\/uploads\/2024\/07\/CICAD-60-Dilogo-con-la-Sociedad-Civil-1.pdf\">Cartel<\/a><\/div>\n<div class=\"ewa-rteLine\"><\/div>\n<ul>\n<li class=\"ewa-rteLine\">Nombramientos en el CIJ nacional.<\/li>\n<\/ul>\n<p style=\"text-align: right;\"><a href=\"https:\/\/derechoshumanoseconomicos.com\/wp-content\/uploads\/2024\/07\/CIRCULAR-DG-04-2016.pdf\">Ver documento<\/a><\/p>\n<div class=\"ewa-rteLine\"><\/div>\n<ul>\n<li class=\"ewa-rteLine\">Apoyos a la integraci\u00f3n juvenil.<\/li>\n<\/ul>\n<p style=\"text-align: right;\"><a href=\"https:\/\/derechoshumanoseconomicos.com\/wp-content\/uploads\/2024\/07\/120816.pdf\">Ver informaci\u00f3n<\/a><\/p>\n<div class=\"ewa-rteLine\"><\/div>\n<ul>\n<li class=\"ewa-rteLine\">Anexos son utilizados como guarder\u00edas por familiares de adictos.<\/li>\n<\/ul>\n<p style=\"text-align: right;\"><a href=\"https:\/\/derechoshumanoseconomicos.com\/wp-content\/uploads\/2024\/07\/100816.pdf\">Ver informaci\u00f3n<\/a><\/p>\n<div class=\"ewa-rteLine\"><\/div>\n<ul>\n<li class=\"ewa-rteLine\">Menores inmersos en adicciones.<\/li>\n<\/ul>\n<p style=\"text-align: right;\"><a href=\"https:\/\/derechoshumanoseconomicos.com\/wp-content\/uploads\/2024\/07\/080816.pdf\">Ver informaci\u00f3n<\/a><\/p>\n<div class=\"ewa-rteLine\"><\/div>\n<ul>\n<li class=\"ewa-rteLine\">Accidentes de tr\u00e1nsito, primera causa de muerte en j\u00f3venes.<\/li>\n<\/ul>\n<p style=\"text-align: right;\"><a href=\"https:\/\/derechoshumanoseconomicos.com\/wp-content\/uploads\/2024\/07\/070816.pdf\">Ver informaci\u00f3n<\/a><\/p>\n<div class=\"ewa-rteLine\"><\/div>\n<ul>\n<li class=\"ewa-rteLine\">Crecen adicciones entre menores.<\/li>\n<\/ul>\n<p style=\"text-align: right;\"><a href=\"https:\/\/derechoshumanoseconomicos.com\/wp-content\/uploads\/2024\/07\/060816.pdf\">Ver noticias<\/a><\/p>\n<div class=\"ewa-rteLine\"><\/div>\n<ul>\n<li class=\"ewa-rteLine\">CIJ de Iztapalapa presenta su Informe Anual 2016 a la Comunidad.<\/li>\n<\/ul>\n<p style=\"text-align: right;\"><a href=\"https:\/\/derechoshumanoseconomicos.com\/wp-content\/uploads\/2024\/07\/invitacion-CIJ-1.pdf\">Ver invitaci\u00f3n<\/a><\/p>\n<div class=\"ewa-rteLine\"><\/div>\n<ul>\n<li class=\"ewa-rteLine\">Las drogas y las adicciones son enemigos de nuestra sociedad: Ssa.<\/li>\n<\/ul>\n<p style=\"text-align: right;\"><a href=\"https:\/\/derechoshumanoseconomicos.com\/wp-content\/uploads\/2024\/07\/congresodrogas-1.pdf\">Ver texto completo<\/a><\/p>\n<div class=\"ewa-rteLine\" style=\"text-align: right;\"><a href=\"https:\/\/derechoshumanoseconomicos.com\/wp-content\/uploads\/2024\/07\/programacongresodrogas-1.pdf\">Ver programa \u00edntegro<\/a><\/div>\n<div class=\"ewa-rteLine\"><\/div>\n<ul>\n<li class=\"ewa-rteLine\">Ley sobre Sociedades de Convivencia: \u00bfY los derechos de los ni\u00f1os?<\/li>\n<\/ul>\n<p style=\"text-align: right;\"><a href=\"https:\/\/derechoshumanoseconomicos.com\/wp-content\/uploads\/2024\/07\/ArtculoContraSCJN-1.pdf\">Ver art\u00edculo<\/a><\/p>\n<div class=\"ewa-rteLine\"><\/div>\n<ul>\n<li class=\"ewa-rteLine\">Discurso del Secretario de Estado de EU, Jhon Kerry, contra las drogas.<\/li>\n<\/ul>\n<p style=\"text-align: right;\"><a href=\"https:\/\/derechoshumanoseconomicos.com\/wp-content\/uploads\/2024\/07\/04DHEdiscursojhon-kerry_1-2.pdf\">Ver documento<\/a><\/p>\n<div class=\"ewa-rteLine\"><\/div>\n<ul>\n<li class=\"ewa-rteLine\">Debaten en Guatemala por una pol\u00edtica contra las drogas en Am\u00e9rica.<\/li>\n<\/ul>\n<p style=\"text-align: right;\"><a href=\"https:\/\/derechoshumanoseconomicos.com\/wp-content\/uploads\/2024\/07\/01Resumen-Dialogo-XLIII-Asamblea-1.pdf\">Lea resumen<\/a><\/p>\n<div class=\"ewa-rteLine\"><\/div>\n<ul>\n<li class=\"ewa-rteLine\">An\u00e1lisis de la OEA sobre el problema de las drogas en Am\u00e9rica.<\/li>\n<\/ul>\n<p style=\"text-align: right;\"><a href=\"https:\/\/derechoshumanoseconomicos.com\/wp-content\/uploads\/2024\/07\/09problemadrogasamerica-1.pdf\">An\u00e1lisis<\/a><\/p>\n<div class=\"ewa-rteLine\"><\/div>\n<ul>\n<li class=\"ewa-rteLine\">Conclusiones para la implementaci\u00f3n de un pol\u00edtica contra las drogas en Am\u00e9rica.<\/li>\n<\/ul>\n<p style=\"text-align: right;\"><a href=\"https:\/\/derechoshumanoseconomicos.com\/wp-content\/uploads\/2024\/07\/03DHEluchacontralasdrogasenamerica-1.pdf\">Texto \u00ed\u00adntegro<\/a><\/p>\n<div class=\"ewa-rteLine\"><\/div>\n<ul>\n<li class=\"ewa-rteLine\">Busca OEA que las lucha antidroga contemple a los derechos humanos.<\/li>\n<\/ul>\n<p style=\"text-align: right;\"><a href=\"https:\/\/derechoshumanoseconomicos.com\/wp-content\/uploads\/2024\/07\/11IDPC6-1.pdf\">Texto \u00edntegro<\/a><\/p>\n<div class=\"ewa-rteLine\"><\/div>\n<ul>\n<li class=\"ewa-rteLine\">Declaraci\u00f3n de la OEA en Antigua, Guatemala sobre el problema de las drogas.<\/li>\n<\/ul>\n<p style=\"text-align: right;\"><a href=\"https:\/\/derechoshumanoseconomicos.com\/wp-content\/uploads\/2024\/07\/21proyectoporunaluchaantedrogadiccion-1.pdf\">Documento<\/a><\/p>\n<div class=\"ewa-rteLine\"><\/div>\n<ul>\n<li class=\"ewa-rteLine\">Rinde protesta Salvador Ortega como presidente del Patronato del CIJ Iztapalapa.<\/li>\n<\/ul>\n<p style=\"text-align: right;\"><a href=\"https:\/\/derechoshumanoseconomicos.com\/wp-content\/uploads\/2024\/07\/Rinde.pdf\">Nota informativa<\/a><\/p>\n<div class=\"ewa-rteLine\" style=\"text-align: right;\"><a href=\"https:\/\/derechoshumanoseconomicos.com\/wp-content\/uploads\/2024\/07\/discurso-sol-1.pdf\">Ver discurso de toma de protesta<\/a><\/div>\n<div class=\"ewa-rteLine\"><\/div>\n<ul>\n<li class=\"ewa-rteLine\">Conclusiones para la implementaci\u00f3n de un pol\u00edtica contra las drogas en Am\u00e9rica.<\/li>\n<\/ul>\n<p style=\"text-align: right;\"><a href=\"https:\/\/derechoshumanoseconomicos.com\/wp-content\/uploads\/2024\/07\/03DHEluchacontralasdrogasenamerica-2.pdf\">Texto \u00ed\u00adntegro<\/a><\/p>\n<div class=\"ewa-rteLine\"><\/div>\n<ul>\n<li class=\"ewa-rteLine\">Busca OEA que las lucha antidroga contemple a los derechos humanos.<\/li>\n<\/ul>\n<p style=\"text-align: right;\"><a href=\"https:\/\/derechoshumanoseconomicos.com\/wp-content\/uploads\/2024\/07\/11IDPC6-2.pdf\">Texto \u00edntegro<\/a><\/p>\n<div class=\"ewa-rteLine\" style=\"text-align: right;\"><\/div>\n<ul>\n<li class=\"ewa-rteLine\">Realizan carrera deportiva para combatir adicciones.<\/li>\n<\/ul>\n<p style=\"text-align: right;\"><a href=\"https:\/\/derechoshumanoseconomicos.com\/wp-content\/uploads\/2024\/07\/img002.pdf\">Ver texto<\/a><\/p>\n<div class=\"ewa-rteLine\"><\/div>\n<ul>\n<li class=\"ewa-rteLine\">Invitan a la UII a la Reuni\u00f3n Regional de Patronatos del DF.<\/li>\n<\/ul>\n<p style=\"text-align: right;\"><a href=\"https:\/\/derechoshumanoseconomicos.com\/wp-content\/uploads\/2024\/07\/EPSON029-2.pdf\">Ver documento<\/a><\/p>\n<div class=\"ewa-rteLine\"><\/div>\n<ul>\n<li class=\"ewa-rteLine\">Invitaci\u00f3n a la presentaci\u00f3n de la Gu\u00eda &#8220;Instituci\u00f3n Comprometida con la Inclusi\u00f3n&#8221; ICI.<\/li>\n<\/ul>\n<p style=\"text-align: right;\"><a href=\"https:\/\/derechoshumanoseconomicos.com\/wp-content\/uploads\/2024\/07\/EPSON030.pdf\">Ver documento<\/a><\/p>\n<div class=\"ewa-rteLine\"><\/div>\n<ul>\n<li class=\"ewa-rteLine\">Toma de Protesta del Patronato del CIJ Coyoac\u00e1n.<\/li>\n<\/ul>\n<p style=\"text-align: right;\"><a href=\"https:\/\/derechoshumanoseconomicos.com\/wp-content\/uploads\/2024\/07\/EPSON031.pdf\">Ver documento<\/a><\/p>\n<div class=\"ewa-rteLine\"><\/div>\n<ul>\n<li class=\"ewa-rteLine\">Solicitan Apoyo para la Iniciativa M\u00e9xico.<\/li>\n<\/ul>\n<p style=\"text-align: right;\"><a href=\"https:\/\/derechoshumanoseconomicos.com\/wp-content\/uploads\/2024\/07\/EPSON032.pdf\">Ver documento<\/a><\/p>\n<div class=\"ewa-rteLine\"><\/div>\n<ul>\n<li class=\"ewa-rteLine\">Invitaci\u00f3n al Foro &#8220;Hacia la Construcci\u00f3n de una Ley para la Prevenci\u00f3n de las Adicciones en el DF&#8221;.<\/li>\n<\/ul>\n<p style=\"text-align: right;\"><a href=\"https:\/\/derechoshumanoseconomicos.com\/wp-content\/uploads\/2024\/07\/EPSON033.pdf\">Ver documento<\/a><\/p>\n<div class=\"ewa-rteLine\"><\/div>\n<ul>\n<li class=\"ewa-rteLine\">CIJ de Iztapalapa agradece apoyos de la UII.<\/li>\n<\/ul>\n<p style=\"text-align: right;\"><a href=\"https:\/\/derechoshumanoseconomicos.com\/wp-content\/uploads\/2024\/07\/EPSON034.pdf\">Ver documento<\/a><\/p>\n<div class=\"ewa-rteLine\"><\/div>\n<ul>\n<li class=\"ewa-rteLine\">Ganadores del concurso &#8220;Elaboraci\u00f3n de Banderas con Material Reciclado&#8221;.<\/li>\n<\/ul>\n<p style=\"text-align: right;\"><a href=\"https:\/\/derechoshumanoseconomicos.com\/wp-content\/uploads\/2024\/07\/EPSON036.pdf\">Ver documento<\/a><\/p>\n<div class=\"ewa-rteLine\"><\/div>\n<ul>\n<li class=\"ewa-rteLine\">Solicitan a la UII donar silla de ruedas para la casa hogar &#8220;El Recobro&#8221;.<\/li>\n<\/ul>\n<p style=\"text-align: right;\"><a href=\"https:\/\/derechoshumanoseconomicos.com\/wp-content\/uploads\/2024\/07\/EPSON037.pdf\">Ver documento<\/a><\/p>\n","protected":false},"excerpt":{"rendered":"<p>Combate a las drogas requiere de una nueva pol\u00edtica p\u00fablica, se destac\u00f3 en el 18 Congreso Internacional de Adicciones. Ver nota completa &nbsp; Reuni\u00f3n del 60 Consejo Ordinario de Sesiones de la Comisi\u00f3n Interamericana del Control y el Abuso de las Drogas (CICAD). Ver texto Agenda preliminar Bolet\u00edn informativo CICAD 60 &#8211; Boletin Informativo Cartel [&hellip;]<\/p>\n","protected":false},"author":3,"featured_media":3113,"comment_status":"open","ping_status":"open","sticky":false,"template":"","format":"standard","meta":{"footnotes":""},"categories":[50],"tags":[],"class_list":["post-1688","post","type-post","status-publish","format-standard","has-post-thumbnail","hentry","category-cij"],"_links":{"self":[{"href":"https:\/\/derechoshumanoseconomicos.com\/index.php\/wp-json\/wp\/v2\/posts\/1688","targetHints":{"allow":["GET"]}}],"collection":[{"href":"https:\/\/derechoshumanoseconomicos.com\/index.php\/wp-json\/wp\/v2\/posts"}],"about":[{"href":"https:\/\/derechoshumanoseconomicos.com\/index.php\/wp-json\/wp\/v2\/types\/post"}],"author":[{"embeddable":true,"href":"https:\/\/derechoshumanoseconomicos.com\/index.php\/wp-json\/wp\/v2\/users\/3"}],"replies":[{"embeddable":true,"href":"https:\/\/derechoshumanoseconomicos.com\/index.php\/wp-json\/wp\/v2\/comments?post=1688"}],"version-history":[{"count":2,"href":"https:\/\/derechoshumanoseconomicos.com\/index.php\/wp-json\/wp\/v2\/posts\/1688\/revisions"}],"predecessor-version":[{"id":3112,"href":"https:\/\/derechoshumanoseconomicos.com\/index.php\/wp-json\/wp\/v2\/posts\/1688\/revisions\/3112"}],"wp:featuredmedia":[{"embeddable":true,"href":"https:\/\/derechoshumanoseconomicos.com\/index.php\/wp-json\/wp\/v2\/media\/3113"}],"wp:attachment":[{"href":"https:\/\/derechoshumanoseconomicos.com\/index.php\/wp-json\/wp\/v2\/media?parent=1688"}],"wp:term":[{"taxonomy":"category","embeddable":true,"href":"https:\/\/derechoshumanoseconomicos.com\/index.php\/wp-json\/wp\/v2\/categories?post=1688"},{"taxonomy":"post_tag","embeddable":true,"href":"https:\/\/derechoshumanoseconomicos.com\/index.php\/wp-json\/wp\/v2\/tags?post=1688"}],"curies":[{"name":"wp","href":"https:\/\/api.w.org\/{rel}","templated":true}]}}