{"id":1916,"date":"2024-11-07T03:36:19","date_gmt":"2024-11-07T03:36:19","guid":{"rendered":"https:\/\/derechoshumanoseconomicos.com\/?p=1916"},"modified":"2024-11-07T03:36:19","modified_gmt":"2024-11-07T03:36:19","slug":"capacitacion-y-foros","status":"publish","type":"post","link":"https:\/\/derechoshumanoseconomicos.com\/index.php\/2024\/11\/07\/capacitacion-y-foros\/","title":{"rendered":"Capacitaci\u00f3n y Foros"},"content":{"rendered":"<ul>\n<li class=\"ewa-rteLine\">Certificado Conferencia Sobre Avances y Desaf\u00edos en la Cooperaci\u00f3n Hemisf\u00e9rica<\/li>\n<\/ul>\n<p><a href=\"https:\/\/derechoshumanoseconomicos.com\/wp-content\/uploads\/2024\/07\/actaSesionExtraordinariaOEA30nov2011-59.pdf\">Ver documento<\/a><\/p>\n<div class=\"ewa-rteLine\"><\/div>\n<ul>\n<li class=\"ewa-rteLine\">Invitaci\u00f3n a Iniciativas de Promoci\u00f3n y Defensa de la Democracia en el Hemisferio, San Salvador<\/li>\n<\/ul>\n<p><a href=\"https:\/\/derechoshumanoseconomicos.com\/wp-content\/uploads\/2024\/07\/actaSesionExtraordinariaOEA30nov2011-60.pdf\">Ver documento<\/a><\/p>\n<div class=\"ewa-rteLine\"><\/div>\n<ul>\n<li class=\"ewa-rteLine\">Invitaci\u00f3n al Foro Universitario, La Universidad ante los paradigmas de los Derechos Humanos en el Siglo XXI<\/li>\n<\/ul>\n<p><a href=\"https:\/\/derechoshumanoseconomicos.com\/wp-content\/uploads\/2024\/07\/actaSesionExtraordinariaOEA30nov2011-61.pdf\">Ver documento<\/a><\/p>\n<div class=\"ewa-rteLine\"><\/div>\n<ul>\n<li class=\"ewa-rteLine\">Protocolo Facultativo del Pacto Internacional de Derechos Humanos Econ\u00f3micos, Sociales y Culturales<\/li>\n<\/ul>\n<p><a href=\"https:\/\/derechoshumanoseconomicos.com\/wp-content\/uploads\/2024\/07\/actaSesionExtraordinariaOEA30nov2011-62.pdf\">Ver documento<\/a><\/p>\n<div class=\"ewa-rteLine\"><\/div>\n<ul>\n<li class=\"ewa-rteLine\">Art\u00edculo, \u00bfQu\u00e9 es Seguridad Humana?<\/li>\n<\/ul>\n<p><a href=\"https:\/\/derechoshumanoseconomicos.com\/wp-content\/uploads\/2024\/07\/actaSesionExtraordinariaOEA30nov2011-63.pdf\">Ver documento<\/a><\/p>\n<div class=\"ewa-rteLine\"><\/div>\n<ul>\n<li class=\"ewa-rteLine\">Beca Diplomado A.M.D.H.<\/li>\n<\/ul>\n<p><a href=\"https:\/\/derechoshumanoseconomicos.com\/wp-content\/uploads\/2024\/07\/actaSesionExtraordinariaOEA30nov2011-64.pdf\">Ver documento<\/a><\/p>\n<div class=\"ewa-rteLine\"><\/div>\n<ul>\n<li class=\"ewa-rteLine\">O.N.U.D.H. Pacto Mundial<\/li>\n<\/ul>\n<p><a href=\"https:\/\/derechoshumanoseconomicos.com\/wp-content\/uploads\/2024\/07\/actaSesionExtraordinariaOEA30nov2011-65.pdf\">Ver documento<\/a><\/p>\n<div class=\"ewa-rteLine\"><\/div>\n<ul>\n<li class=\"ewa-rteLine\">Respuesta A.M.D.H. con respecto a Diplomado<\/li>\n<\/ul>\n<p><a href=\"https:\/\/derechoshumanoseconomicos.com\/wp-content\/uploads\/2024\/07\/actaSesionExtraordinariaOEA30nov2011-66.pdf\">Ver documento<\/a><\/p>\n<div class=\"ewa-rteLine\"><\/div>\n<ul>\n<li class=\"ewa-rteLine\">Gu\u00eda de participaci\u00f3n VI Cumbre de las Am\u00e9ricas<\/li>\n<\/ul>\n<p><a href=\"https:\/\/derechoshumanoseconomicos.com\/wp-content\/uploads\/2024\/07\/actaSesionExtraordinariaOEA30nov2011-67.pdf\">Ver documento<\/a><\/p>\n<div class=\"ewa-rteLine\"><\/div>\n","protected":false},"excerpt":{"rendered":"<p>Certificado Conferencia Sobre Avances y Desaf\u00edos en la Cooperaci\u00f3n Hemisf\u00e9rica Ver documento Invitaci\u00f3n a Iniciativas de Promoci\u00f3n y Defensa de la Democracia en el Hemisferio, San Salvador Ver documento Invitaci\u00f3n al Foro Universitario, La Universidad ante los paradigmas de los Derechos Humanos en el Siglo XXI Ver documento Protocolo Facultativo del Pacto Internacional de Derechos [&hellip;]<\/p>\n","protected":false},"author":3,"featured_media":3210,"comment_status":"open","ping_status":"open","sticky":false,"template":"","format":"standard","meta":{"footnotes":""},"categories":[15,25,14,16,13],"tags":[],"class_list":["post-1916","post","type-post","status-publish","format-standard","has-post-thumbnail","hentry","category-comisiones","category-noticias","category-o-e-a","category-o-n-u","category-ombudsman"],"_links":{"self":[{"href":"https:\/\/derechoshumanoseconomicos.com\/index.php\/wp-json\/wp\/v2\/posts\/1916","targetHints":{"allow":["GET"]}}],"collection":[{"href":"https:\/\/derechoshumanoseconomicos.com\/index.php\/wp-json\/wp\/v2\/posts"}],"about":[{"href":"https:\/\/derechoshumanoseconomicos.com\/index.php\/wp-json\/wp\/v2\/types\/post"}],"author":[{"embeddable":true,"href":"https:\/\/derechoshumanoseconomicos.com\/index.php\/wp-json\/wp\/v2\/users\/3"}],"replies":[{"embeddable":true,"href":"https:\/\/derechoshumanoseconomicos.com\/index.php\/wp-json\/wp\/v2\/comments?post=1916"}],"version-history":[{"count":3,"href":"https:\/\/derechoshumanoseconomicos.com\/index.php\/wp-json\/wp\/v2\/posts\/1916\/revisions"}],"predecessor-version":[{"id":3211,"href":"https:\/\/derechoshumanoseconomicos.com\/index.php\/wp-json\/wp\/v2\/posts\/1916\/revisions\/3211"}],"wp:featuredmedia":[{"embeddable":true,"href":"https:\/\/derechoshumanoseconomicos.com\/index.php\/wp-json\/wp\/v2\/media\/3210"}],"wp:attachment":[{"href":"https:\/\/derechoshumanoseconomicos.com\/index.php\/wp-json\/wp\/v2\/media?parent=1916"}],"wp:term":[{"taxonomy":"category","embeddable":true,"href":"https:\/\/derechoshumanoseconomicos.com\/index.php\/wp-json\/wp\/v2\/categories?post=1916"},{"taxonomy":"post_tag","embeddable":true,"href":"https:\/\/derechoshumanoseconomicos.com\/index.php\/wp-json\/wp\/v2\/tags?post=1916"}],"curies":[{"name":"wp","href":"https:\/\/api.w.org\/{rel}","templated":true}]}}