{"id":2052,"date":"2024-10-18T03:24:40","date_gmt":"2024-10-18T03:24:40","guid":{"rendered":"https:\/\/derechoshumanoseconomicos.com\/?p=2052"},"modified":"2024-10-18T03:25:53","modified_gmt":"2024-10-18T03:25:53","slug":"informes","status":"publish","type":"post","link":"https:\/\/derechoshumanoseconomicos.com\/index.php\/2024\/10\/18\/informes\/","title":{"rendered":"Informes de la UII a la OEA"},"content":{"rendered":"<ul>\n<li class=\"ewa-rteLine\">Informe de Actividades de la UII del a\u00f1o 2017 enviado a la OEA<\/li>\n<\/ul>\n<p><a href=\"https:\/\/derechoshumanoseconomicos.com\/wp-content\/uploads\/2024\/07\/REPORTE-ANUAL-2017-OEA.pdf\">Ver documento \u00edntegro<\/a><\/p>\n<div class=\"ewa-rteLine\"><\/div>\n<ul>\n<li class=\"ewa-rteLine\">Informe de Actividades de la UII correspondiente al a\u00f1o 2016 enviado a la OEA<\/li>\n<\/ul>\n<p><a href=\"https:\/\/derechoshumanoseconomicos.com\/wp-content\/uploads\/2024\/07\/REPORTEANUAL2016OEA.pdf\">Ver documento \u00edntegro<\/a><\/p>\n<div class=\"ewa-rteLine\"><\/div>\n<ul>\n<li class=\"ewa-rteLine\">Informe de Actividades de la UII del a\u00f1o 2015 enviado a la OEA<\/li>\n<\/ul>\n<p><a href=\"https:\/\/derechoshumanoseconomicos.com\/wp-content\/uploads\/2024\/07\/reporteanualOEA2015.pdf\">Ver texto \u00edntegro<\/a><\/p>\n<div class=\"ewa-rteLine\"><\/div>\n<ul>\n<li class=\"ewa-rteLine\">Informe de Actividades de la Unidad Industrial Iztapalapa 2014<\/li>\n<\/ul>\n<p><a href=\"https:\/\/derechoshumanoseconomicos.com\/wp-content\/uploads\/2024\/07\/Reporte-Anual-Verdadero.pdf\">Ver documento completo<\/a><\/p>\n<div class=\"ewa-rteLine\"><\/div>\n<ul>\n<li class=\"ewa-rteLine\">Informe de Actividades de la UII 2013<\/li>\n<\/ul>\n<p><a href=\"https:\/\/derechoshumanoseconomicos.com\/wp-content\/uploads\/2024\/07\/actividades2013.pdf\">Ver texto<\/a><\/p>\n<div class=\"ewa-rteLine\"><\/div>\n<ul>\n<li class=\"ewa-rteLine\">Reporte de Actividades 2012<\/li>\n<\/ul>\n<p><a href=\"https:\/\/derechoshumanoseconomicos.com\/wp-content\/uploads\/2024\/07\/reportedeactividades2011-1.pdf\">Ver documento<\/a><\/p>\n<div class=\"ewa-rteLine\"><\/div>\n<ul>\n<li class=\"ewa-rteLine\">Informe de Actividades de la UII ante la O.E.A. 2011<\/li>\n<\/ul>\n<p><a href=\"https:\/\/derechoshumanoseconomicos.com\/wp-content\/uploads\/2024\/07\/informeActividades2012OEA.pdf\">Ver informe<\/a><\/p>\n<div class=\"ewa-rteLine\"><\/div>\n<ul>\n<li class=\"ewa-rteLine\">Informe de actividades la UII ante la OEA 2010<\/li>\n<\/ul>\n<p><a href=\"https:\/\/derechoshumanoseconomicos.com\/wp-content\/uploads\/2024\/07\/actividadesUII.pdf\">Texto \u00edntegro<\/a><\/p>\n<div class=\"ewa-rteLine\"><\/div>\n<ul>\n<li class=\"ewa-rteLine\">Carta COPARMEX proyecto D.H.<\/li>\n<\/ul>\n<p><a href=\"https:\/\/derechoshumanoseconomicos.com\/wp-content\/uploads\/2024\/07\/cartaCOPARMEXproyectoDH-1.pdf\">Ver documento<\/a><\/p>\n<div class=\"ewa-rteLine\"><\/div>\n","protected":false},"excerpt":{"rendered":"<p>Informe de Actividades de la UII del a\u00f1o 2017 enviado a la OEA Ver documento \u00edntegro Informe de Actividades de la UII correspondiente al a\u00f1o 2016 enviado a la OEA Ver documento \u00edntegro Informe de Actividades de la UII del a\u00f1o 2015 enviado a la OEA Ver texto \u00edntegro Informe de Actividades de la Unidad [&hellip;]<\/p>\n","protected":false},"author":3,"featured_media":2890,"comment_status":"open","ping_status":"open","sticky":false,"template":"","format":"standard","meta":{"footnotes":""},"categories":[23],"tags":[52,58,88,54],"class_list":["post-2052","post","type-post","status-publish","format-standard","has-post-thumbnail","hentry","category-reportes","tag-oea","tag-ombudsman-empresarial","tag-reportes","tag-salvador-ortega-lopez"],"_links":{"self":[{"href":"https:\/\/derechoshumanoseconomicos.com\/index.php\/wp-json\/wp\/v2\/posts\/2052","targetHints":{"allow":["GET"]}}],"collection":[{"href":"https:\/\/derechoshumanoseconomicos.com\/index.php\/wp-json\/wp\/v2\/posts"}],"about":[{"href":"https:\/\/derechoshumanoseconomicos.com\/index.php\/wp-json\/wp\/v2\/types\/post"}],"author":[{"embeddable":true,"href":"https:\/\/derechoshumanoseconomicos.com\/index.php\/wp-json\/wp\/v2\/users\/3"}],"replies":[{"embeddable":true,"href":"https:\/\/derechoshumanoseconomicos.com\/index.php\/wp-json\/wp\/v2\/comments?post=2052"}],"version-history":[{"count":4,"href":"https:\/\/derechoshumanoseconomicos.com\/index.php\/wp-json\/wp\/v2\/posts\/2052\/revisions"}],"predecessor-version":[{"id":3077,"href":"https:\/\/derechoshumanoseconomicos.com\/index.php\/wp-json\/wp\/v2\/posts\/2052\/revisions\/3077"}],"wp:featuredmedia":[{"embeddable":true,"href":"https:\/\/derechoshumanoseconomicos.com\/index.php\/wp-json\/wp\/v2\/media\/2890"}],"wp:attachment":[{"href":"https:\/\/derechoshumanoseconomicos.com\/index.php\/wp-json\/wp\/v2\/media?parent=2052"}],"wp:term":[{"taxonomy":"category","embeddable":true,"href":"https:\/\/derechoshumanoseconomicos.com\/index.php\/wp-json\/wp\/v2\/categories?post=2052"},{"taxonomy":"post_tag","embeddable":true,"href":"https:\/\/derechoshumanoseconomicos.com\/index.php\/wp-json\/wp\/v2\/tags?post=2052"}],"curies":[{"name":"wp","href":"https:\/\/api.w.org\/{rel}","templated":true}]}}