{"id":2166,"date":"2024-10-18T03:51:47","date_gmt":"2024-10-18T03:51:47","guid":{"rendered":"https:\/\/derechoshumanoseconomicos.com\/?p=2166"},"modified":"2024-10-18T03:52:04","modified_gmt":"2024-10-18T03:52:04","slug":"que-es-la-coparmex-mision-y-vision","status":"publish","type":"post","link":"https:\/\/derechoshumanoseconomicos.com\/index.php\/2024\/10\/18\/que-es-la-coparmex-mision-y-vision\/","title":{"rendered":"\u00bfQu\u00e9 es la Coparmex?: Misi\u00f3n y Visi\u00f3n"},"content":{"rendered":"<div class=\"ewa-rteLine\">La Confederaci\u00f3n Patronal de la Rep\u00fablica Mexicana (COPARMEX) es un sindicato patronal de afiliaci\u00f3n voluntaria, que aglutina empresarios de todos los sectores, que buscan mediante ella su representaci\u00f3n en el \u00e1mbito laboral y social. Sus m\u00e1s de 36 mil empresas socias en todo el pa\u00ed\u00ads son responsables del 30% del PIB y de 4.8 millones de empleos formales.<\/div>\n<div><\/div>\n<div class=\"ewa-rteLine\">Nace el 26 de Septiembre de 1929, por iniciativa del industrial regiomontano Don Luis G. Sada, quien en la Convenci\u00f3n de Delegaciones Industriales de la Confederaci\u00f3n de C\u00e1maras Nacionales de Comercio e Industria, dio a conocer su idea de formar una organizaci\u00f3n distinta a las C\u00e1maras constituidas por disposici\u00f3n legal.<\/div>\n<div><\/div>\n<div class=\"ewa-rteLine\">En COPARMEX trabajamos por lograr una armon\u00eda en las relaciones de los empresarios entre s\u00ed\u00ad y con los trabajadores, a trav\u00e9s promover una Nueva Cultura Laboral; impulsamos el desarrollo de una econom\u00eda de mercado con Responsabilidad social; motivamos la participaci\u00f3n activa de nuestros socios, encaminada a generar las condiciones necesarias para el bien com\u00fan; defendemos los leg\u00edtimos derechos de nuestros asociados en su car\u00e1cter de empresarios e impulsamos las reformas sociales, econ\u00f3micas, jur\u00eddicas y pol\u00edticas que fomenten el desarrollo nacional.<\/div>\n<ul>\n<li class=\"ewa-rteLine\">Misi\u00f3n<\/li>\n<\/ul>\n<div class=\"ewa-rteLine\">Contribuir al establecimiento de condiciones para la prosperidad de todos los mexicanos que propicien una creciente cohesi\u00f3n social, para que las empresas se desarrollen, multipliquen y cumplan con su funci\u00f3n creadora de empleo y de riqueza con responsabilidad social.<\/div>\n<ul>\n<li class=\"ewa-rteLine\">Visi\u00f3n<\/li>\n<\/ul>\n<div class=\"ewa-rteLine\">Ser una instituci\u00f3n independiente de referencia obligada para el empresariado y la sociedad en general por su contribuci\u00f3n significativa al desarrollo integral basado en la competitividad y en la libre competencia en todos los \u00e1mbitos del pa\u00eds, as\u00ed\u00ad como al establecimiento de las condiciones para la prosperidad de todos los mexicanos.<\/div>\n","protected":false},"excerpt":{"rendered":"<p>La Confederaci\u00f3n Patronal de la Rep\u00fablica Mexicana (COPARMEX) es un sindicato patronal de afiliaci\u00f3n voluntaria, que aglutina empresarios de todos los sectores, que buscan mediante ella su representaci\u00f3n en el \u00e1mbito laboral y social. Sus m\u00e1s de 36 mil empresas socias en todo el pa\u00ed\u00ads son responsables del 30% del PIB y de 4.8 millones [&hellip;]<\/p>\n","protected":false},"author":3,"featured_media":3056,"comment_status":"open","ping_status":"open","sticky":false,"template":"","format":"standard","meta":{"footnotes":""},"categories":[46],"tags":[],"class_list":["post-2166","post","type-post","status-publish","format-standard","has-post-thumbnail","hentry","category-coparmex"],"_links":{"self":[{"href":"https:\/\/derechoshumanoseconomicos.com\/index.php\/wp-json\/wp\/v2\/posts\/2166","targetHints":{"allow":["GET"]}}],"collection":[{"href":"https:\/\/derechoshumanoseconomicos.com\/index.php\/wp-json\/wp\/v2\/posts"}],"about":[{"href":"https:\/\/derechoshumanoseconomicos.com\/index.php\/wp-json\/wp\/v2\/types\/post"}],"author":[{"embeddable":true,"href":"https:\/\/derechoshumanoseconomicos.com\/index.php\/wp-json\/wp\/v2\/users\/3"}],"replies":[{"embeddable":true,"href":"https:\/\/derechoshumanoseconomicos.com\/index.php\/wp-json\/wp\/v2\/comments?post=2166"}],"version-history":[{"count":2,"href":"https:\/\/derechoshumanoseconomicos.com\/index.php\/wp-json\/wp\/v2\/posts\/2166\/revisions"}],"predecessor-version":[{"id":3095,"href":"https:\/\/derechoshumanoseconomicos.com\/index.php\/wp-json\/wp\/v2\/posts\/2166\/revisions\/3095"}],"wp:featuredmedia":[{"embeddable":true,"href":"https:\/\/derechoshumanoseconomicos.com\/index.php\/wp-json\/wp\/v2\/media\/3056"}],"wp:attachment":[{"href":"https:\/\/derechoshumanoseconomicos.com\/index.php\/wp-json\/wp\/v2\/media?parent=2166"}],"wp:term":[{"taxonomy":"category","embeddable":true,"href":"https:\/\/derechoshumanoseconomicos.com\/index.php\/wp-json\/wp\/v2\/categories?post=2166"},{"taxonomy":"post_tag","embeddable":true,"href":"https:\/\/derechoshumanoseconomicos.com\/index.php\/wp-json\/wp\/v2\/tags?post=2166"}],"curies":[{"name":"wp","href":"https:\/\/api.w.org\/{rel}","templated":true}]}}