{"id":3240,"date":"2025-01-29T01:33:08","date_gmt":"2025-01-29T01:33:08","guid":{"rendered":"https:\/\/derechoshumanoseconomicos.com\/?p=3240"},"modified":"2025-01-29T01:39:46","modified_gmt":"2025-01-29T01:39:46","slug":"acuerdan-uii-y-canacintra-implementacion-del-ombudsperson-en-sus-76-oficinas-regionales","status":"publish","type":"post","link":"https:\/\/derechoshumanoseconomicos.com\/index.php\/2025\/01\/29\/acuerdan-uii-y-canacintra-implementacion-del-ombudsperson-en-sus-76-oficinas-regionales\/","title":{"rendered":"Acuerdan UII y Canacintra implementaci\u00f3n del Ombudsperson en sus 76 oficinas regionales"},"content":{"rendered":"<p>Tras hacer un recuento de los lineamientos de participaci\u00f3n de la sociedad civil y el sector privado en las actividades de la Organizaci\u00f3n de los Estados Americanos (OEA), el ombudsman empresarial, Salvador Ortega L\u00f3pez, explic\u00f3 que de acuerdo con la Asamblea General celebrada en Santo Domingo, Rep\u00fablica Dominicana en 2016, se instruye a crear \u201cpersonalidades\u201d como \u201cel ombudsman sectorial\u201d extra\u00eddos de la sociedad civil, por lo cual ambas organizaciones acordaron la implementaci\u00f3n del ente en las 76 oficinas regionales de la Canacintra.<\/p>\n<p>\u201cQue mejor que hacerlo como la c\u00e1mara empresarial m\u00e1s grande de Am\u00e9rica Latina, con m\u00e1s de 50 mil empresas en todo el pa\u00eds\u201d, sostuvo el tambi\u00e9n empresario.<\/p>\n<p>Ortega L\u00f3pez explic\u00f3 que el objetivo principal del \u2018ombudsperson sectorial\u2019 para vigilar el gasto p\u00fablico que se otorga a cada uno de los m\u00e1s de 2 mil 400 municipios del pa\u00eds, ello, para incidir en pol\u00edticas p\u00fablicas y verificar que se hagan obras p\u00fablicas en beneficios de sus habitantes, que muchos de ellos viven sin los servicios p\u00fablicos b\u00e1sicos de salud, educaci\u00f3n y empleo.<\/p>\n<p>\u201cYo los invito a que Canacintra nombre a cada ombudsperson y sea la piedra angular\u201d, propuso a la presidenta de la organizaci\u00f3n empresarial, Esperanza Ortega Azar, al tiempo que detall\u00f3 que el programa plantea que estos representantes empresariales no reciban aportaci\u00f3n pecunaria para que no se corrompa y no est\u00e9n sujeto a contradicciones y siempre se cuide la probidad.<\/p>\n<p>Por su parte, Esperanza Ortega Azar, presidenta de la C\u00e1mara Nacional de la Industria de la Transformaci\u00f3n (Canacintra), se congratul\u00f3 con la alianza que formar\u00e1 con la Unidad Industrial Iztapalapa y su presidente Salvador Ortega L\u00f3pez, para a trav\u00e9s de la OEA, lograr \u201ccosas maravillosas\u201d para M\u00e9xico.<\/p>\n<figure id=\"attachment_3243\" aria-describedby=\"caption-attachment-3243\" style=\"width: 1600px\" class=\"wp-caption alignnone\"><img fetchpriority=\"high\" decoding=\"async\" class=\"wp-image-3243 size-full\" src=\"https:\/\/derechoshumanoseconomicos.com\/wp-content\/uploads\/2025\/01\/Firma-convenio-Cancintra-Ombudperson-4.jpeg\" alt=\"\" width=\"1600\" height=\"900\" srcset=\"https:\/\/derechoshumanoseconomicos.com\/wp-content\/uploads\/2025\/01\/Firma-convenio-Cancintra-Ombudperson-4.jpeg 1600w, https:\/\/derechoshumanoseconomicos.com\/wp-content\/uploads\/2025\/01\/Firma-convenio-Cancintra-Ombudperson-4-300x169.jpeg 300w, https:\/\/derechoshumanoseconomicos.com\/wp-content\/uploads\/2025\/01\/Firma-convenio-Cancintra-Ombudperson-4-1024x576.jpeg 1024w, https:\/\/derechoshumanoseconomicos.com\/wp-content\/uploads\/2025\/01\/Firma-convenio-Cancintra-Ombudperson-4-768x432.jpeg 768w, https:\/\/derechoshumanoseconomicos.com\/wp-content\/uploads\/2025\/01\/Firma-convenio-Cancintra-Ombudperson-4-1536x864.jpeg 1536w\" sizes=\"(max-width: 1600px) 100vw, 1600px\" \/><figcaption id=\"caption-attachment-3243\" class=\"wp-caption-text\">Foto: Elia Cruz Calleja<\/figcaption><\/figure>\n<p>Al tomar la palabra la lideresa empresarial asegur\u00f3 subray\u00f3 que el compromiso cumplirle a los ciudadanos con lo que esperan de sus instituciones y para ello apunt\u00f3 que es necesario que el sector privado est\u00e9 muy vinculado con el sector p\u00fablico.<\/p>\n<p>\u201cEl compromiso se llama M\u00e9xico y en pro de colaborar con todos los que estamos afiliados a la c\u00e1mara, es un honor poder firmar este adendum de compromiso porque yo creo que vamos a lograr cosas muy provechosas. Hoy m\u00e1s que nunca el sector privado tiene que estar muy vinculado con el sector p\u00fablico y la ciudadan\u00eda en general. Poderles dar buenas cuentas de lo que los ciudadanos esperan de las instituciones porque la transparencia es algo fundamental que siempre queremos que se d\u00e9, pero desafortunadamente no se ha dado\u201d, sostuvo.<\/p>\n<p>Para ello, se comprometi\u00f3 a hacerle llegar los propios a todas las empresas agremiadas a la instituci\u00f3n de las 76 delegaciones que tienen en el pa\u00eds. En ese sentido, subray\u00f3 que el compromiso con la firma del convenio no es solo de la presidenta, sino que de la instituci\u00f3n nacional en general.<\/p>\n<p>\u201cTenemos una gran responsabilidad y deseamos poder cumplir con este compromiso con la firma de este adendum. Haremos llegar los propios a todas las empresas porque es importante que lo que firmemos ac\u00e1 podamos permearlo en nuestras instituciones, a nuestras ramas y sectores. No es solo compromiso de la presidencia nacional, sino que es un compromiso de nuestra instituci\u00f3n en general\u201d, subray\u00f3.<\/p>\n<figure id=\"attachment_3244\" aria-describedby=\"caption-attachment-3244\" style=\"width: 1600px\" class=\"wp-caption alignnone\"><img decoding=\"async\" class=\"wp-image-3244 size-full\" src=\"https:\/\/derechoshumanoseconomicos.com\/wp-content\/uploads\/2025\/01\/Firma-convenio-Cancintra-Ombudperson-2.jpeg\" alt=\"\" width=\"1600\" height=\"1200\" srcset=\"https:\/\/derechoshumanoseconomicos.com\/wp-content\/uploads\/2025\/01\/Firma-convenio-Cancintra-Ombudperson-2.jpeg 1600w, https:\/\/derechoshumanoseconomicos.com\/wp-content\/uploads\/2025\/01\/Firma-convenio-Cancintra-Ombudperson-2-300x225.jpeg 300w, https:\/\/derechoshumanoseconomicos.com\/wp-content\/uploads\/2025\/01\/Firma-convenio-Cancintra-Ombudperson-2-1024x768.jpeg 1024w, https:\/\/derechoshumanoseconomicos.com\/wp-content\/uploads\/2025\/01\/Firma-convenio-Cancintra-Ombudperson-2-768x576.jpeg 768w, https:\/\/derechoshumanoseconomicos.com\/wp-content\/uploads\/2025\/01\/Firma-convenio-Cancintra-Ombudperson-2-1536x1152.jpeg 1536w\" sizes=\"(max-width: 1600px) 100vw, 1600px\" \/><figcaption id=\"caption-attachment-3244\" class=\"wp-caption-text\">Foto: Elia Cruz Calleja<\/figcaption><\/figure>\n<p>Durante el encuentro, el presidente de la Unidad Industrial, Salvador Ortega L\u00f3pez y la presidenta de la Canacintra, Esperanza Ortega Azar, firmaron el \u201cadendum\u201d o convenio de colaboraci\u00f3n para impulsar la figura del \u2018Ombudsperson sectorial\u2019, mismo que representa una ratificaci\u00f3n porque en la administraci\u00f3n pasada del expresidente de Canacintra, Enoch Castellanos, se nombr\u00f3 a la maestra Alma B\u00e1rcenas como la primera \u2018Ombudsperson sectorial\u2019 del pa\u00eds.<\/p>\n<p>Finalmente, tras la exposici\u00f3n del CEO y ombudsman empresarial en la que explic\u00f3 c\u00f3mo se puede incidir en pol\u00edticas p\u00fablicas y de qu\u00e9 manera organismos internacionales como la OEA pueden ayudar en lograr democracia y transparencia, la presidenta de Canacintra lo invit\u00f3 a dar unas pl\u00e1ticas virtuales a los titulares de las 76 delegaciones.<\/p>\n<figure id=\"attachment_3246\" aria-describedby=\"caption-attachment-3246\" style=\"width: 1600px\" class=\"wp-caption alignnone\"><img decoding=\"async\" class=\"wp-image-3246 size-full\" src=\"https:\/\/derechoshumanoseconomicos.com\/wp-content\/uploads\/2025\/01\/Firma-convenio-Cancintra-Ombudperson-3.jpg\" alt=\"\" width=\"1600\" height=\"1200\" srcset=\"https:\/\/derechoshumanoseconomicos.com\/wp-content\/uploads\/2025\/01\/Firma-convenio-Cancintra-Ombudperson-3.jpg 1600w, https:\/\/derechoshumanoseconomicos.com\/wp-content\/uploads\/2025\/01\/Firma-convenio-Cancintra-Ombudperson-3-300x225.jpg 300w, https:\/\/derechoshumanoseconomicos.com\/wp-content\/uploads\/2025\/01\/Firma-convenio-Cancintra-Ombudperson-3-1024x768.jpg 1024w, https:\/\/derechoshumanoseconomicos.com\/wp-content\/uploads\/2025\/01\/Firma-convenio-Cancintra-Ombudperson-3-768x576.jpg 768w, https:\/\/derechoshumanoseconomicos.com\/wp-content\/uploads\/2025\/01\/Firma-convenio-Cancintra-Ombudperson-3-1536x1152.jpg 1536w\" sizes=\"(max-width: 1600px) 100vw, 1600px\" \/><figcaption id=\"caption-attachment-3246\" class=\"wp-caption-text\">Foto: Elia Cruz Calleja<\/figcaption><\/figure>\n","protected":false},"excerpt":{"rendered":"<p>Tras hacer un recuento de los lineamientos de participaci\u00f3n de la sociedad civil y el sector privado en las actividades de la Organizaci\u00f3n de los Estados Americanos (OEA), el ombudsman empresarial, Salvador Ortega L\u00f3pez, explic\u00f3 que de acuerdo con la Asamblea General celebrada en Santo Domingo, Rep\u00fablica Dominicana en 2016, se instruye a crear \u201cpersonalidades\u201d [&hellip;]<\/p>\n","protected":false},"author":4,"featured_media":3241,"comment_status":"open","ping_status":"open","sticky":false,"template":"","format":"standard","meta":{"footnotes":""},"categories":[48,14,13,11],"tags":[63,90,92,52,58,91,54,61],"class_list":["post-3240","post","type-post","status-publish","format-standard","has-post-thumbnail","hentry","category-canacintra","category-o-e-a","category-ombudsman","category-principal","tag-acuerdo","tag-cancintra","tag-esperanza-ortega","tag-oea","tag-ombudsman-empresarial","tag-ombudsperson-sectorial","tag-salvador-ortega-lopez","tag-uii"],"_links":{"self":[{"href":"https:\/\/derechoshumanoseconomicos.com\/index.php\/wp-json\/wp\/v2\/posts\/3240","targetHints":{"allow":["GET"]}}],"collection":[{"href":"https:\/\/derechoshumanoseconomicos.com\/index.php\/wp-json\/wp\/v2\/posts"}],"about":[{"href":"https:\/\/derechoshumanoseconomicos.com\/index.php\/wp-json\/wp\/v2\/types\/post"}],"author":[{"embeddable":true,"href":"https:\/\/derechoshumanoseconomicos.com\/index.php\/wp-json\/wp\/v2\/users\/4"}],"replies":[{"embeddable":true,"href":"https:\/\/derechoshumanoseconomicos.com\/index.php\/wp-json\/wp\/v2\/comments?post=3240"}],"version-history":[{"count":3,"href":"https:\/\/derechoshumanoseconomicos.com\/index.php\/wp-json\/wp\/v2\/posts\/3240\/revisions"}],"predecessor-version":[{"id":3247,"href":"https:\/\/derechoshumanoseconomicos.com\/index.php\/wp-json\/wp\/v2\/posts\/3240\/revisions\/3247"}],"wp:featuredmedia":[{"embeddable":true,"href":"https:\/\/derechoshumanoseconomicos.com\/index.php\/wp-json\/wp\/v2\/media\/3241"}],"wp:attachment":[{"href":"https:\/\/derechoshumanoseconomicos.com\/index.php\/wp-json\/wp\/v2\/media?parent=3240"}],"wp:term":[{"taxonomy":"category","embeddable":true,"href":"https:\/\/derechoshumanoseconomicos.com\/index.php\/wp-json\/wp\/v2\/categories?post=3240"},{"taxonomy":"post_tag","embeddable":true,"href":"https:\/\/derechoshumanoseconomicos.com\/index.php\/wp-json\/wp\/v2\/tags?post=3240"}],"curies":[{"name":"wp","href":"https:\/\/api.w.org\/{rel}","templated":true}]}}