{"id":3285,"date":"2025-06-29T20:37:55","date_gmt":"2025-06-30T02:37:55","guid":{"rendered":"https:\/\/derechoshumanoseconomicos.com\/?p=3285"},"modified":"2025-06-29T21:42:17","modified_gmt":"2025-06-30T03:42:17","slug":"por-aclamacion-panama-sera-sede-de-la-56-asamblea-general-de-la-oea","status":"publish","type":"post","link":"https:\/\/derechoshumanoseconomicos.com\/index.php\/2025\/06\/29\/por-aclamacion-panama-sera-sede-de-la-56-asamblea-general-de-la-oea\/","title":{"rendered":"Por aclamaci\u00f3n, Panam\u00e1 ser\u00e1 sede de la 56 Asamblea General de la OEA"},"content":{"rendered":"<p>Por aclamaci\u00f3n, Panam\u00e1 fue elegido como el pa\u00eds que albergar\u00e1 el 56 periodo ordinario de sesiones de la Organizaci\u00f3n de Estados Americanos (OEA) en 2026.<\/p>\n<p>Este 27 de junio al concluir el 55 periodo ordinario de sesiones del que fue anfitri\u00f3n Antigua y Barbuda, la Asamblea General de la OEA, integradas por todos los Estados miembros, vot\u00f3 a favor que Panam\u00e1 sea la sede en el pr\u00f3ximo a\u00f1o.<\/p>\n","protected":false},"excerpt":{"rendered":"<p>Por aclamaci\u00f3n, Panam\u00e1 fue elegido como el pa\u00eds que albergar\u00e1 el 56 periodo ordinario de sesiones de la Organizaci\u00f3n de Estados Americanos (OEA) en 2026. Este 27 de junio al concluir el 55 periodo ordinario de sesiones del que fue anfitri\u00f3n Antigua y Barbuda, la Asamblea General de la OEA, integradas por todos los Estados [&hellip;]<\/p>\n","protected":false},"author":4,"featured_media":3286,"comment_status":"open","ping_status":"open","sticky":false,"template":"","format":"standard","meta":{"footnotes":""},"categories":[26,14],"tags":[105,107,103,52,58,106,54],"class_list":["post-3285","post","type-post","status-publish","format-standard","has-post-thumbnail","hentry","category-asambleas","category-o-e-a","tag-56-asamblea-general","tag-aclamacion","tag-oas","tag-oea","tag-ombudsman-empresarial","tag-panama","tag-salvador-ortega-lopez"],"_links":{"self":[{"href":"https:\/\/derechoshumanoseconomicos.com\/index.php\/wp-json\/wp\/v2\/posts\/3285","targetHints":{"allow":["GET"]}}],"collection":[{"href":"https:\/\/derechoshumanoseconomicos.com\/index.php\/wp-json\/wp\/v2\/posts"}],"about":[{"href":"https:\/\/derechoshumanoseconomicos.com\/index.php\/wp-json\/wp\/v2\/types\/post"}],"author":[{"embeddable":true,"href":"https:\/\/derechoshumanoseconomicos.com\/index.php\/wp-json\/wp\/v2\/users\/4"}],"replies":[{"embeddable":true,"href":"https:\/\/derechoshumanoseconomicos.com\/index.php\/wp-json\/wp\/v2\/comments?post=3285"}],"version-history":[{"count":1,"href":"https:\/\/derechoshumanoseconomicos.com\/index.php\/wp-json\/wp\/v2\/posts\/3285\/revisions"}],"predecessor-version":[{"id":3287,"href":"https:\/\/derechoshumanoseconomicos.com\/index.php\/wp-json\/wp\/v2\/posts\/3285\/revisions\/3287"}],"wp:featuredmedia":[{"embeddable":true,"href":"https:\/\/derechoshumanoseconomicos.com\/index.php\/wp-json\/wp\/v2\/media\/3286"}],"wp:attachment":[{"href":"https:\/\/derechoshumanoseconomicos.com\/index.php\/wp-json\/wp\/v2\/media?parent=3285"}],"wp:term":[{"taxonomy":"category","embeddable":true,"href":"https:\/\/derechoshumanoseconomicos.com\/index.php\/wp-json\/wp\/v2\/categories?post=3285"},{"taxonomy":"post_tag","embeddable":true,"href":"https:\/\/derechoshumanoseconomicos.com\/index.php\/wp-json\/wp\/v2\/tags?post=3285"}],"curies":[{"name":"wp","href":"https:\/\/api.w.org\/{rel}","templated":true}]}}