{"id":3288,"date":"2025-07-02T16:02:48","date_gmt":"2025-07-02T22:02:48","guid":{"rendered":"https:\/\/derechoshumanoseconomicos.com\/?p=3288"},"modified":"2025-07-03T19:12:09","modified_gmt":"2025-07-04T01:12:09","slug":"eu-cuestiona-utilidad-de-la-oea-por-falta-de-resolucion-en-caso-de-venezuela","status":"publish","type":"post","link":"https:\/\/derechoshumanoseconomicos.com\/index.php\/2025\/07\/02\/eu-cuestiona-utilidad-de-la-oea-por-falta-de-resolucion-en-caso-de-venezuela\/","title":{"rendered":"EU cuestiona utilidad de la OEA por falta de resoluci\u00f3n en caso de Venezuela"},"content":{"rendered":"<p style=\"text-align: center;\"><strong>Intervenci\u00f3n de Christopher Landau, vicesecretario de Estado de Estados Unidos, durante la 55 Asamblea General de la OEA en Antigua y Barbuda<\/strong><\/p>\n<p>&nbsp;<\/p>\n<p>Como ustedes sabr\u00e1n, el presidente (Donald) Trump emiti\u00f3 una orden ejecutiva en los primeros d\u00edas de esta Administraci\u00f3n indicando al Secretario de Estado (Marco Rubio) que, en seis meses, revisar\u00e1 todas las organizaciones internacionales de las que Estados Unidos es miembro para determinar si dicha membres\u00eda est\u00e1 en los intereses de Estados Unidos y si dichas organizaciones pueden ser reformadas. Al concluir esa revisi\u00f3n, el Secretario debe informar sus conclusiones al Presidente y recomendar si Estados Unidos debe retirarse de alguna de esas organizaciones. Esa revisi\u00f3n sigue en curso, y obviamente la OEA es una de las organizaciones que estamos revisando.<\/p>\n<p>Para ser bastante franco, y soy una persona muy franca, no estoy seguro de poder predecir cu\u00e1l ser\u00e1 el resultado de esa revisi\u00f3n. Eso es ciertamente algo que estoy dispuesto a dialogar en esta reuni\u00f3n para que nadie pueda decir que es una sorpresa.<\/p>\n<p><strong>Veamos algunos de los casos relevantes: El a\u00f1o pasado, el mundo entero fue testigo de una elecci\u00f3n robada descaradamente en Venezuela. La oposici\u00f3n no solo gan\u00f3 abrumadoramente, sino que ten\u00eda las pruebas para demostrarlo: las actas. El r\u00e9gimen ni siquiera se molest\u00f3 en disputar seriamente la validez de las actas o el fraude electoral. En respuesta a ese descarado fraude electoral, \u00bfqu\u00e9 ha hecho esta organizaci\u00f3n? Por lo que podemos ver, nada sustancial.<\/strong><\/p>\n<p><strong>El r\u00e9gimen de Ch\u00e1vez\/Maduro ha llevado a Venezuela de ser una de las naciones m\u00e1s pr\u00f3speras de nuestro hemisferio a una de las m\u00e1s desdichadas, sometiendo a su pueblo a una pobreza lamentable y represi\u00f3n pol\u00edtica, y dejando a millones con poca opci\u00f3n m\u00e1s que huir. Muchos, si no la mayor\u00eda de los pa\u00edses representados en esta mesa son hogar de cientos, miles, decenas de miles, cientos de miles o incluso millones de refugiados venezolanos.<\/strong><\/p>\n<p><strong>El mes pasado, el r\u00e9gimen venezolano realiz\u00f3 otra farsa electoral con comicios legislativos y regionales que incluyeron una controvertida votaci\u00f3n para elegir a representantes en la regi\u00f3n de Esequibo, un territorio con el que Venezuela mantiene una disputa con Guyana.<\/strong><\/p>\n<p><strong>Si esta organizaci\u00f3n no est\u00e1 dispuesta o no puede responder a una situaci\u00f3n en la que un r\u00e9gimen trata con desd\u00e9n abiertamente las normas internacionales y amenaza la integridad territorial de su vecino, entonces debemos preguntarnos: \u00bfqu\u00e9 sentido tiene la organizaci\u00f3n?<\/strong><\/p>\n<p><strong>Y perm\u00edtanme ser claro: no estoy mencionando a Venezuela y Hait\u00ed para culpar, m\u00e1s bien, estoy aqu\u00ed para extender un lazo de amistad a esta organizaci\u00f3n y a cualquiera que lo acepte. Pero la amistad es una calle de doble sentido. El secretario Rubio y yo debemos poder decirle a nuestro Presidente y a nuestro pueblo que nuestra inversi\u00f3n sustancial en esta organizaci\u00f3n beneficia a nuestro pa\u00eds. No estoy seguro de que estemos en posici\u00f3n de hacer eso en este momento, y les pido de buena fe que me ayuden a presentar este argumento.<\/strong><\/p>\n","protected":false},"excerpt":{"rendered":"<p>Intervenci\u00f3n de Christopher Landau, vicesecretario de Estado de Estados Unidos, durante la 55 Asamblea General de la OEA en Antigua y Barbuda &nbsp; Como ustedes sabr\u00e1n, el presidente (Donald) Trump emiti\u00f3 una orden ejecutiva en los primeros d\u00edas de esta Administraci\u00f3n indicando al Secretario de Estado (Marco Rubio) que, en seis meses, revisar\u00e1 todas las [&hellip;]<\/p>\n","protected":false},"author":3,"featured_media":3289,"comment_status":"open","ping_status":"open","sticky":false,"template":"","format":"standard","meta":{"footnotes":""},"categories":[26,14],"tags":[102,109,108,111,52,110],"class_list":["post-3288","post","type-post","status-publish","format-standard","has-post-thumbnail","hentry","category-asambleas","category-o-e-a","tag-55-asamblea-general","tag-christopher-landau","tag-estados-unidos","tag-nicolas-maduro","tag-oea","tag-venezuela"],"_links":{"self":[{"href":"https:\/\/derechoshumanoseconomicos.com\/index.php\/wp-json\/wp\/v2\/posts\/3288","targetHints":{"allow":["GET"]}}],"collection":[{"href":"https:\/\/derechoshumanoseconomicos.com\/index.php\/wp-json\/wp\/v2\/posts"}],"about":[{"href":"https:\/\/derechoshumanoseconomicos.com\/index.php\/wp-json\/wp\/v2\/types\/post"}],"author":[{"embeddable":true,"href":"https:\/\/derechoshumanoseconomicos.com\/index.php\/wp-json\/wp\/v2\/users\/3"}],"replies":[{"embeddable":true,"href":"https:\/\/derechoshumanoseconomicos.com\/index.php\/wp-json\/wp\/v2\/comments?post=3288"}],"version-history":[{"count":1,"href":"https:\/\/derechoshumanoseconomicos.com\/index.php\/wp-json\/wp\/v2\/posts\/3288\/revisions"}],"predecessor-version":[{"id":3290,"href":"https:\/\/derechoshumanoseconomicos.com\/index.php\/wp-json\/wp\/v2\/posts\/3288\/revisions\/3290"}],"wp:featuredmedia":[{"embeddable":true,"href":"https:\/\/derechoshumanoseconomicos.com\/index.php\/wp-json\/wp\/v2\/media\/3289"}],"wp:attachment":[{"href":"https:\/\/derechoshumanoseconomicos.com\/index.php\/wp-json\/wp\/v2\/media?parent=3288"}],"wp:term":[{"taxonomy":"category","embeddable":true,"href":"https:\/\/derechoshumanoseconomicos.com\/index.php\/wp-json\/wp\/v2\/categories?post=3288"},{"taxonomy":"post_tag","embeddable":true,"href":"https:\/\/derechoshumanoseconomicos.com\/index.php\/wp-json\/wp\/v2\/tags?post=3288"}],"curies":[{"name":"wp","href":"https:\/\/api.w.org\/{rel}","templated":true}]}}