{"id":3311,"date":"2025-08-21T17:46:43","date_gmt":"2025-08-21T23:46:43","guid":{"rendered":"https:\/\/derechoshumanoseconomicos.com\/?p=3311"},"modified":"2025-11-24T22:48:19","modified_gmt":"2025-11-25T04:48:19","slug":"se-acabo-la-era-de-la-corrupcion-y-privilegios-dice-sheinbaum-tras-validacion-de-eleccion-judicial","status":"publish","type":"post","link":"https:\/\/derechoshumanoseconomicos.com\/index.php\/2025\/08\/21\/se-acabo-la-era-de-la-corrupcion-y-privilegios-dice-sheinbaum-tras-validacion-de-eleccion-judicial\/","title":{"rendered":"Se acab\u00f3 la era de la corrupci\u00f3n y privilegios, dice Sheinbaum tras validaci\u00f3n de elecci\u00f3n judicial"},"content":{"rendered":"<p>Luego de que el Tribunal Electoral del Poder Judicial de la Federaci\u00f3n (TEPJF) avalara la elecci\u00f3n judicial, y desechara la propuesta del magistrado Reyes Rodr\u00edguez Mondrag\u00f3n \u2014cercano a Felipe Calder\u00f3n\u2014 de invalidar los comicios, la presidenta Claudia Sheinbaum Pardo asegur\u00f3 que se termina una etapa de corrupci\u00f3n, nepotismo y privilegios.<\/p>\n<p>\u201cEs muy profunda la reforma al Poder Judicial, muy profunda. Y s\u00ed, se termin\u00f3 una era, empieza otra. Se acab\u00f3 la era de la corrupci\u00f3n y el privilegio y el nepotismo en el Poder Judicial\u201d, sostuvo al tiempo que reconoci\u00f3 que a\u00fan faltan de resoluci\u00f3n algunas impugnaciones, pero dijo que ayer se dio un avance con el aval de la mayor\u00eda del TEPJF frente a unos magistrados que a\u00fan intentaban echar para atr\u00e1s la reforma.<\/p>\n<p>\u201cTiene que ver con lo que habl\u00e1bamos de la democracia. Los m\u00e1s conservadores en nuestro pa\u00eds piensan que ellos son elegidos, iluminados, y que son los que tienen el derecho a representar y a decir, porque no reconocen al pueblo, ni lo respetan, por cierto\u201d, reclam\u00f3.<\/p>\n<p>Sin embargo, dijo que ahora la nueva Suprema Corte de Justicia de la Naci\u00f3n (SCJN) que tomar\u00e1 posesi\u00f3n el pr\u00f3ximo 1 de septiembre se deber\u00e1n al pueblo que los eligi\u00f3 y tendr\u00e1n en sus manos la decisi\u00f3n de mostrar que s\u00ed se logr\u00f3 un cambio en el Poder Judicial de la Federaci\u00f3n (PJF).<\/p>\n<p>\u201cLa nueva Corte, los nuevos jueces, los nuevos magistrados, que se deben al pueblo porque el pueblo los eligi\u00f3, tienen que entrar, ahora, a demostrar que cambi\u00f3 de fondo el Poder Judicial, y yo creo que as\u00ed va a ser\u201d, porque dijo que \u201cel Estado de derecho, es hacer justicia, no a partir de un criterio personal, sino con base en las leyes, como dec\u00eda Ju\u00e1rez\u201d.<br \/>\nPor todo ello, la presidenta consider\u00f3 que esta nueva etapa del Poder Judicial \u201ces muy buena para M\u00e9xico, muy bueno lo que ocurri\u00f3\u201d.<\/p>\n","protected":false},"excerpt":{"rendered":"<p>Luego de que el Tribunal Electoral del Poder Judicial de la Federaci\u00f3n (TEPJF) avalara la elecci\u00f3n judicial, y desechara la propuesta del magistrado Reyes Rodr\u00edguez Mondrag\u00f3n \u2014cercano a Felipe Calder\u00f3n\u2014 de invalidar los comicios, la presidenta Claudia Sheinbaum Pardo asegur\u00f3 que se termina una etapa de corrupci\u00f3n, nepotismo y privilegios. \u201cEs muy profunda la reforma [&hellip;]<\/p>\n","protected":false},"author":4,"featured_media":3312,"comment_status":"open","ping_status":"open","sticky":false,"template":"","format":"standard","meta":{"footnotes":""},"categories":[42],"tags":[115,121,87,122],"class_list":["post-3311","post","type-post","status-publish","format-standard","has-post-thumbnail","hentry","category-judicial","tag-corrupcion","tag-norma-pina","tag-poder-judicial","tag-scjn"],"_links":{"self":[{"href":"https:\/\/derechoshumanoseconomicos.com\/index.php\/wp-json\/wp\/v2\/posts\/3311","targetHints":{"allow":["GET"]}}],"collection":[{"href":"https:\/\/derechoshumanoseconomicos.com\/index.php\/wp-json\/wp\/v2\/posts"}],"about":[{"href":"https:\/\/derechoshumanoseconomicos.com\/index.php\/wp-json\/wp\/v2\/types\/post"}],"author":[{"embeddable":true,"href":"https:\/\/derechoshumanoseconomicos.com\/index.php\/wp-json\/wp\/v2\/users\/4"}],"replies":[{"embeddable":true,"href":"https:\/\/derechoshumanoseconomicos.com\/index.php\/wp-json\/wp\/v2\/comments?post=3311"}],"version-history":[{"count":1,"href":"https:\/\/derechoshumanoseconomicos.com\/index.php\/wp-json\/wp\/v2\/posts\/3311\/revisions"}],"predecessor-version":[{"id":3313,"href":"https:\/\/derechoshumanoseconomicos.com\/index.php\/wp-json\/wp\/v2\/posts\/3311\/revisions\/3313"}],"wp:featuredmedia":[{"embeddable":true,"href":"https:\/\/derechoshumanoseconomicos.com\/index.php\/wp-json\/wp\/v2\/media\/3312"}],"wp:attachment":[{"href":"https:\/\/derechoshumanoseconomicos.com\/index.php\/wp-json\/wp\/v2\/media?parent=3311"}],"wp:term":[{"taxonomy":"category","embeddable":true,"href":"https:\/\/derechoshumanoseconomicos.com\/index.php\/wp-json\/wp\/v2\/categories?post=3311"},{"taxonomy":"post_tag","embeddable":true,"href":"https:\/\/derechoshumanoseconomicos.com\/index.php\/wp-json\/wp\/v2\/tags?post=3311"}],"curies":[{"name":"wp","href":"https:\/\/api.w.org\/{rel}","templated":true}]}}