{"id":3324,"date":"2025-09-28T20:16:14","date_gmt":"2025-09-29T02:16:14","guid":{"rendered":"https:\/\/derechoshumanoseconomicos.com\/?p=3324"},"modified":"2025-12-14T20:49:56","modified_gmt":"2025-12-15T02:49:56","slug":"porsche-reconoce-a-salvador-ortega","status":"publish","type":"post","link":"https:\/\/derechoshumanoseconomicos.com\/index.php\/2025\/09\/28\/porsche-reconoce-a-salvador-ortega\/","title":{"rendered":"Porsche reconoce a Salvador Ortega"},"content":{"rendered":"<p>Porche de M\u00e9xico reconoci\u00f3 a Salvador Ortega L\u00f3pez, Ombudsman Empresarial, por participar en el &#8220;Porsche World Road Show demostrando un nivel muy alto de profesionalismo&#8221;.<\/p>\n","protected":false},"excerpt":{"rendered":"<p>Porche de M\u00e9xico reconoci\u00f3 a Salvador Ortega L\u00f3pez, Ombudsman Empresarial, por participar en el &#8220;Porsche World Road Show demostrando un nivel muy alto de profesionalismo&#8221;.<\/p>\n","protected":false},"author":3,"featured_media":3325,"comment_status":"open","ping_status":"open","sticky":false,"template":"","format":"standard","meta":{"footnotes":""},"categories":[21],"tags":[],"class_list":["post-3324","post","type-post","status-publish","format-standard","has-post-thumbnail","hentry","category-reconocimientos"],"_links":{"self":[{"href":"https:\/\/derechoshumanoseconomicos.com\/index.php\/wp-json\/wp\/v2\/posts\/3324","targetHints":{"allow":["GET"]}}],"collection":[{"href":"https:\/\/derechoshumanoseconomicos.com\/index.php\/wp-json\/wp\/v2\/posts"}],"about":[{"href":"https:\/\/derechoshumanoseconomicos.com\/index.php\/wp-json\/wp\/v2\/types\/post"}],"author":[{"embeddable":true,"href":"https:\/\/derechoshumanoseconomicos.com\/index.php\/wp-json\/wp\/v2\/users\/3"}],"replies":[{"embeddable":true,"href":"https:\/\/derechoshumanoseconomicos.com\/index.php\/wp-json\/wp\/v2\/comments?post=3324"}],"version-history":[{"count":1,"href":"https:\/\/derechoshumanoseconomicos.com\/index.php\/wp-json\/wp\/v2\/posts\/3324\/revisions"}],"predecessor-version":[{"id":3326,"href":"https:\/\/derechoshumanoseconomicos.com\/index.php\/wp-json\/wp\/v2\/posts\/3324\/revisions\/3326"}],"wp:featuredmedia":[{"embeddable":true,"href":"https:\/\/derechoshumanoseconomicos.com\/index.php\/wp-json\/wp\/v2\/media\/3325"}],"wp:attachment":[{"href":"https:\/\/derechoshumanoseconomicos.com\/index.php\/wp-json\/wp\/v2\/media?parent=3324"}],"wp:term":[{"taxonomy":"category","embeddable":true,"href":"https:\/\/derechoshumanoseconomicos.com\/index.php\/wp-json\/wp\/v2\/categories?post=3324"},{"taxonomy":"post_tag","embeddable":true,"href":"https:\/\/derechoshumanoseconomicos.com\/index.php\/wp-json\/wp\/v2\/tags?post=3324"}],"curies":[{"name":"wp","href":"https:\/\/api.w.org\/{rel}","templated":true}]}}