{"id":3329,"date":"2025-07-03T22:19:25","date_gmt":"2025-07-04T04:19:25","guid":{"rendered":"https:\/\/derechoshumanoseconomicos.com\/?p=3329"},"modified":"2025-11-30T22:25:52","modified_gmt":"2025-12-01T04:25:52","slug":"la-55a-asamblea-general-de-la-oea-en-antigua-y-barbuda-dejo-algo-en-claro-el-futuro-de-la-organizacion-esta-en-juego","status":"publish","type":"post","link":"https:\/\/derechoshumanoseconomicos.com\/index.php\/2025\/07\/03\/la-55a-asamblea-general-de-la-oea-en-antigua-y-barbuda-dejo-algo-en-claro-el-futuro-de-la-organizacion-esta-en-juego\/","title":{"rendered":"La 55\u00aa Asamblea General de la OEA en Antigua y Barbuda dej\u00f3 algo en claro: el futuro de la organizaci\u00f3n est\u00e1 en juego."},"content":{"rendered":"<p><em>Por: Sebasti\u00e1n Schuff, president de Global Center for Human Rights<\/em><\/p>\n<p><strong>Tres hechos marcaron la reuni\u00f3n y expusieron las grietas profundas en la regi\u00f3n:<\/strong><\/p>\n<p>EE.\u202fUU. exige resultados reales: Christopher Landau, vicesecretario de Estado, fue contundente. Washington eval\u00faa si vale la pena seguir sosteniendo una organizaci\u00f3n que absorbe la mitad de su presupuesto, pero que fracasa frente a dictaduras como las de Venezuela o crisis como la de Hait\u00ed. Su mensaje fue firme: \u201cRechacemos los reg\u00edmenes autoritarios y afirmemos nuestro derecho soberano a defender nuestras fronteras y fortalecer esta organizaci\u00f3n con hechos, no solo con discursos.\u201d<\/p>\n<p>M\u00e1s pa\u00edses se plantan ante el autoritarismo ideol\u00f3gico: Lo que comenz\u00f3 t\u00edmidamente con Argentina, Paraguay y Per\u00fa, se consolid\u00f3 este a\u00f1o con Panam\u00e1 y Estados Unidos. Aunque no se aprobaron resoluciones pol\u00e9micas, en temas como salud mental y Hait\u00ed surgieron m\u00faltiples notas al pie que demuestran una creciente resistencia a la imposici\u00f3n de la ideolog\u00eda de g\u00e9nero y la agenda woke.<\/p>\n<p>La batalla por los derechos humanos sigue abierta: Aunque hubo avances como la incorporaci\u00f3n una voz comprometida con la vida y la libertad dentro de la CIDH, sigue sin haber una mayor\u00eda conservadora que garantice un verdadero giro en la defensa de los derechos fundamentales. La batalla continuar\u00e1 desde dentro, porque la gran pregunta sigue siendo la misma: \u00bfc\u00f3mo puede la OEA defender los derechos humanos si ni siquiera logra acordar qu\u00e9 es un ser humano, qu\u00e9 es una mujer o qu\u00e9 significa la libertad?<\/p>\n<p>Hoy la OEA est\u00e1 ante una elecci\u00f3n crucial. O se convierte en un verdadero basti\u00f3n de la democracia y la soberan\u00eda de los pueblos, o seguir\u00e1 siendo utilizada como herramienta de ideolog\u00edas que la alejan de su misi\u00f3n original.<\/p>\n<p>No podemos dejar nuestro continente en manos de organismos que dudan en defender lo m\u00e1s b\u00e1sico: la vida, la familia y la libertad. Te invitamos a compartir este mensaje para exigir a nuestros gobiernos que no se rindan ante agendas contrarias a nuestros valores.<\/p>\n","protected":false},"excerpt":{"rendered":"<p>Por: Sebasti\u00e1n Schuff, president de Global Center for Human Rights Tres hechos marcaron la reuni\u00f3n y expusieron las grietas profundas en la regi\u00f3n: EE.\u202fUU. exige resultados reales: Christopher Landau, vicesecretario de Estado, fue contundente. Washington eval\u00faa si vale la pena seguir sosteniendo una organizaci\u00f3n que absorbe la mitad de su presupuesto, pero que fracasa frente [&hellip;]<\/p>\n","protected":false},"author":1,"featured_media":3289,"comment_status":"open","ping_status":"open","sticky":false,"template":"","format":"standard","meta":{"footnotes":""},"categories":[14],"tags":[],"class_list":["post-3329","post","type-post","status-publish","format-standard","has-post-thumbnail","hentry","category-o-e-a"],"_links":{"self":[{"href":"https:\/\/derechoshumanoseconomicos.com\/index.php\/wp-json\/wp\/v2\/posts\/3329","targetHints":{"allow":["GET"]}}],"collection":[{"href":"https:\/\/derechoshumanoseconomicos.com\/index.php\/wp-json\/wp\/v2\/posts"}],"about":[{"href":"https:\/\/derechoshumanoseconomicos.com\/index.php\/wp-json\/wp\/v2\/types\/post"}],"author":[{"embeddable":true,"href":"https:\/\/derechoshumanoseconomicos.com\/index.php\/wp-json\/wp\/v2\/users\/1"}],"replies":[{"embeddable":true,"href":"https:\/\/derechoshumanoseconomicos.com\/index.php\/wp-json\/wp\/v2\/comments?post=3329"}],"version-history":[{"count":3,"href":"https:\/\/derechoshumanoseconomicos.com\/index.php\/wp-json\/wp\/v2\/posts\/3329\/revisions"}],"predecessor-version":[{"id":3332,"href":"https:\/\/derechoshumanoseconomicos.com\/index.php\/wp-json\/wp\/v2\/posts\/3329\/revisions\/3332"}],"wp:featuredmedia":[{"embeddable":true,"href":"https:\/\/derechoshumanoseconomicos.com\/index.php\/wp-json\/wp\/v2\/media\/3289"}],"wp:attachment":[{"href":"https:\/\/derechoshumanoseconomicos.com\/index.php\/wp-json\/wp\/v2\/media?parent=3329"}],"wp:term":[{"taxonomy":"category","embeddable":true,"href":"https:\/\/derechoshumanoseconomicos.com\/index.php\/wp-json\/wp\/v2\/categories?post=3329"},{"taxonomy":"post_tag","embeddable":true,"href":"https:\/\/derechoshumanoseconomicos.com\/index.php\/wp-json\/wp\/v2\/tags?post=3329"}],"curies":[{"name":"wp","href":"https:\/\/api.w.org\/{rel}","templated":true}]}}