{"id":3340,"date":"2025-09-28T20:53:29","date_gmt":"2025-09-29T02:53:29","guid":{"rendered":"https:\/\/derechoshumanoseconomicos.com\/?p=3340"},"modified":"2025-12-14T20:55:11","modified_gmt":"2025-12-15T02:55:11","slug":"eligen-al-mexicano-jose-luis-caballero-como-presidente-de-la-cidh","status":"publish","type":"post","link":"https:\/\/derechoshumanoseconomicos.com\/index.php\/2025\/09\/28\/eligen-al-mexicano-jose-luis-caballero-como-presidente-de-la-cidh\/","title":{"rendered":"Eligen al mexicano Jos\u00e9 Luis Caballero como presidente de la CIDH"},"content":{"rendered":"<p>La Comisi\u00f3n Interamericana de Derechos Humanos (CIDH) informa que el Consejo Permanente de la Organizaci\u00f3n de los Estados Americanos (OEA) eligi\u00f3 a Jos\u00e9 Luis Caballero Ochoa como Comisionado, y hace propicia la ocasi\u00f3n para darle la bienvenida y desearle el mejor de los \u00e9xitos como integrante del pleno de la Comisi\u00f3n.<\/p>\n<p>El Comisionado Caballero Ochoa, de nacionalidad mexicana, cuenta con licenciatura, maestr\u00eda y doctorado en Derecho. Desde hace 25 a\u00f1os se desempe\u00f1a como acad\u00e9mico-investigador en el Departamento de Derecho de la Universidad Iberoamericana, en Ciudad de M\u00e9xico, del cual ha sido Coordinador de la Maestr\u00eda en Derechos Humanos (2007-2011), Procurador de los Derechos Universitarios (2014-2015) y Director (2015-2021). Asimismo, es miembro del Sistema Nacional de Investigadores del Consejo Nacional de Ciencia, Humanidades y Tecnolog\u00eda de M\u00e9xico, desde 2009.<\/p>\n<p>Su perspectiva como investigador se ha plasmado en una relevante obra escrita, que comprende casi un centenar de cap\u00edtulos de libros y art\u00edculos en revistas especializadas. As\u00ed como libros publicados en editoriales jur\u00eddicas con alto reconocimiento internacional.<\/p>\n<p>Desde 2021, el Comisionado pertenece a la Comisi\u00f3n Internacional de Juristas y ha formado parte de consejos t\u00e9cnicos y ciudadanos que definen l\u00edneas de acci\u00f3n de instituciones p\u00fablicas en el respeto, la garant\u00eda y la promoci\u00f3n de derechos humanos. Ha conducido su trayectoria laboral entre la pr\u00e1ctica docente, la investigaci\u00f3n, la consultor\u00eda t\u00e9cnica con perspectiva de incidencia en la transformaci\u00f3n de las instituciones p\u00fablicas, el marco normativo, y la interpretaci\u00f3n constitucional en relaci\u00f3n con los derechos humanos.<\/p>\n<p>El cargo de Comisionado que asume Jos\u00e9 Luis Caballero se extiende hasta el 31 de diciembre de 2025. Su candidatura fue presentada por el Estado de M\u00e9xico en julio pasado, luego de la renuncia de Joel Hern\u00e1ndez Garc\u00eda, quien dej\u00f3 el cargo de Comisionado durante su segundo mandato, tras haber sido designado Subsecretario para Asuntos Multilaterales y Derechos Humanos de la Canciller\u00eda mexicana.<\/p>\n<p>La CIDH es un \u00f3rgano principal y aut\u00f3nomo de la Organizaci\u00f3n de los Estados Americanos (OEA), cuyo mandato surge de la Carta de la OEA y de la Convenci\u00f3n Americana sobre Derechos Humanos. La Comisi\u00f3n Interamericana tiene el mandato de promover la observancia y la defensa de los derechos humanos en la regi\u00f3n y act\u00faa como \u00f3rgano consultivo de la OEA en la materia. La CIDH est\u00e1 integrada por siete miembros independientes que son elegidos por la Asamblea General de la OEA a t\u00edtulo personal, y no representan sus pa\u00edses de origen o residencia.<\/p>\n","protected":false},"excerpt":{"rendered":"<p>La Comisi\u00f3n Interamericana de Derechos Humanos (CIDH) informa que el Consejo Permanente de la Organizaci\u00f3n de los Estados Americanos (OEA) eligi\u00f3 a Jos\u00e9 Luis Caballero Ochoa como Comisionado, y hace propicia la ocasi\u00f3n para darle la bienvenida y desearle el mejor de los \u00e9xitos como integrante del pleno de la Comisi\u00f3n. El Comisionado Caballero Ochoa, [&hellip;]<\/p>\n","protected":false},"author":3,"featured_media":3341,"comment_status":"open","ping_status":"open","sticky":false,"template":"","format":"standard","meta":{"footnotes":""},"categories":[32],"tags":[131,133,132],"class_list":["post-3340","post","type-post","status-publish","format-standard","has-post-thumbnail","hentry","category-cidh","tag-cidh","tag-jose-luis-caballero","tag-mexicano"],"_links":{"self":[{"href":"https:\/\/derechoshumanoseconomicos.com\/index.php\/wp-json\/wp\/v2\/posts\/3340","targetHints":{"allow":["GET"]}}],"collection":[{"href":"https:\/\/derechoshumanoseconomicos.com\/index.php\/wp-json\/wp\/v2\/posts"}],"about":[{"href":"https:\/\/derechoshumanoseconomicos.com\/index.php\/wp-json\/wp\/v2\/types\/post"}],"author":[{"embeddable":true,"href":"https:\/\/derechoshumanoseconomicos.com\/index.php\/wp-json\/wp\/v2\/users\/3"}],"replies":[{"embeddable":true,"href":"https:\/\/derechoshumanoseconomicos.com\/index.php\/wp-json\/wp\/v2\/comments?post=3340"}],"version-history":[{"count":1,"href":"https:\/\/derechoshumanoseconomicos.com\/index.php\/wp-json\/wp\/v2\/posts\/3340\/revisions"}],"predecessor-version":[{"id":3342,"href":"https:\/\/derechoshumanoseconomicos.com\/index.php\/wp-json\/wp\/v2\/posts\/3340\/revisions\/3342"}],"wp:featuredmedia":[{"embeddable":true,"href":"https:\/\/derechoshumanoseconomicos.com\/index.php\/wp-json\/wp\/v2\/media\/3341"}],"wp:attachment":[{"href":"https:\/\/derechoshumanoseconomicos.com\/index.php\/wp-json\/wp\/v2\/media?parent=3340"}],"wp:term":[{"taxonomy":"category","embeddable":true,"href":"https:\/\/derechoshumanoseconomicos.com\/index.php\/wp-json\/wp\/v2\/categories?post=3340"},{"taxonomy":"post_tag","embeddable":true,"href":"https:\/\/derechoshumanoseconomicos.com\/index.php\/wp-json\/wp\/v2\/tags?post=3340"}],"curies":[{"name":"wp","href":"https:\/\/api.w.org\/{rel}","templated":true}]}}