{"id":3391,"date":"2025-11-12T21:55:38","date_gmt":"2025-11-13T03:55:38","guid":{"rendered":"https:\/\/derechoshumanoseconomicos.com\/?p=3391"},"modified":"2026-01-26T21:58:25","modified_gmt":"2026-01-27T03:58:25","slug":"oea-expresa-preocupacion-por-elecciones-de-honduras","status":"publish","type":"post","link":"https:\/\/derechoshumanoseconomicos.com\/index.php\/2025\/11\/12\/oea-expresa-preocupacion-por-elecciones-de-honduras\/","title":{"rendered":"OEA expresa &#8220;preocupaci\u00f3n&#8221; por elecciones de Honduras"},"content":{"rendered":"<p>La Organizaci\u00f3n de Estados Americanos (OEA) expres\u00f3 este martes (11.11.2025) su preocupaci\u00f3n por los problemas que retrasan los preparativos de los comicios generales del 30 de noviembre en Honduras y pidi\u00f3 garant\u00edas para las autoridades electorales.<\/p>\n<p>La labor del \u00f3rgano electoral enfrenta una serie de escollos debido a la fuerte confrontaci\u00f3n entre el oficialismo de izquierda y dos partidos opositores de derecha, que se acusan mutuamente de preparar un &#8220;fraude&#8221;.<\/p>\n<p>En un comunicado, la secretar\u00eda general de la OEA expres\u00f3 &#8220;su preocupaci\u00f3n&#8221; por acusaciones de la Fiscal\u00eda, af\u00edn al gobierno, contra una consejera electoral y dos magistrados que representan a los partidos opositores en el tribunal que dirime diferendos en los comicios.<\/p>\n<p>Las autoridades electorales deben poder realizar su &#8220;labor t\u00e9cnica de conformidad con la ley, libres de injerencias y presiones indebidas de cualquier actor pol\u00edtico&#8221;, subray\u00f3.<\/p>\n<p>&#8220;Es responsabilidad del Estado garantizar la autonom\u00eda, la continuidad y el libre ejercicio de estas instituciones&#8221;, reclam\u00f3 la secretar\u00eda general.<\/p>\n<p>Seg\u00fan las encuestas, el comunicador Salvador Nasralla, del derechista Partido Liberal (PL), la abogada Rixi Ramona Moncada, del gobernante partido Libertad y Refundaci\u00f3n (Libre, izquierda), y el empresario Nasry Asfura, del Partido Nacional (PN, derecha), est\u00e1n en empate t\u00e9cnico.<\/p>\n<p>Las diferencias dentro de los \u00f3rganos colegiados &#8220;no deben generar par\u00e1lisis, socavar el calendario electoral ni afectar la confianza p\u00fablica en el proceso electoral&#8221;, apunt\u00f3 el comunicado.<\/p>\n","protected":false},"excerpt":{"rendered":"<p>La Organizaci\u00f3n de Estados Americanos (OEA) expres\u00f3 este martes (11.11.2025) su preocupaci\u00f3n por los problemas que retrasan los preparativos de los comicios generales del 30 de noviembre en Honduras y pidi\u00f3 garant\u00edas para las autoridades electorales. La labor del \u00f3rgano electoral enfrenta una serie de escollos debido a la fuerte confrontaci\u00f3n entre el oficialismo de [&hellip;]<\/p>\n","protected":false},"author":3,"featured_media":3392,"comment_status":"open","ping_status":"open","sticky":false,"template":"","format":"standard","meta":{"footnotes":""},"categories":[25,14],"tags":[135,138,52],"class_list":["post-3391","post","type-post","status-publish","format-standard","has-post-thumbnail","hentry","category-noticias","category-o-e-a","tag-elecciones","tag-honduras","tag-oea"],"_links":{"self":[{"href":"https:\/\/derechoshumanoseconomicos.com\/index.php\/wp-json\/wp\/v2\/posts\/3391","targetHints":{"allow":["GET"]}}],"collection":[{"href":"https:\/\/derechoshumanoseconomicos.com\/index.php\/wp-json\/wp\/v2\/posts"}],"about":[{"href":"https:\/\/derechoshumanoseconomicos.com\/index.php\/wp-json\/wp\/v2\/types\/post"}],"author":[{"embeddable":true,"href":"https:\/\/derechoshumanoseconomicos.com\/index.php\/wp-json\/wp\/v2\/users\/3"}],"replies":[{"embeddable":true,"href":"https:\/\/derechoshumanoseconomicos.com\/index.php\/wp-json\/wp\/v2\/comments?post=3391"}],"version-history":[{"count":1,"href":"https:\/\/derechoshumanoseconomicos.com\/index.php\/wp-json\/wp\/v2\/posts\/3391\/revisions"}],"predecessor-version":[{"id":3393,"href":"https:\/\/derechoshumanoseconomicos.com\/index.php\/wp-json\/wp\/v2\/posts\/3391\/revisions\/3393"}],"wp:featuredmedia":[{"embeddable":true,"href":"https:\/\/derechoshumanoseconomicos.com\/index.php\/wp-json\/wp\/v2\/media\/3392"}],"wp:attachment":[{"href":"https:\/\/derechoshumanoseconomicos.com\/index.php\/wp-json\/wp\/v2\/media?parent=3391"}],"wp:term":[{"taxonomy":"category","embeddable":true,"href":"https:\/\/derechoshumanoseconomicos.com\/index.php\/wp-json\/wp\/v2\/categories?post=3391"},{"taxonomy":"post_tag","embeddable":true,"href":"https:\/\/derechoshumanoseconomicos.com\/index.php\/wp-json\/wp\/v2\/tags?post=3391"}],"curies":[{"name":"wp","href":"https:\/\/api.w.org\/{rel}","templated":true}]}}