{"id":3394,"date":"2025-11-28T22:00:51","date_gmt":"2025-11-29T04:00:51","guid":{"rendered":"https:\/\/derechoshumanoseconomicos.com\/?p=3394"},"modified":"2026-01-26T22:02:37","modified_gmt":"2026-01-27T04:02:37","slug":"peru-lleva-a-la-oea-disputa-con-mexico-por-asilo-a-betssy-chavez","status":"publish","type":"post","link":"https:\/\/derechoshumanoseconomicos.com\/index.php\/2025\/11\/28\/peru-lleva-a-la-oea-disputa-con-mexico-por-asilo-a-betssy-chavez\/","title":{"rendered":"Per\u00fa lleva a la OEA disputa con M\u00e9xico por asilo a Betssy Ch\u00e1vez"},"content":{"rendered":"<p><em><strong>V\u00eda Sputnik<\/strong><\/em><\/p>\n<p>El canciller de Per\u00fa, Hugo de Zela, anunci\u00f3 el viernes que el mi\u00e9rcoles 3 de diciembre viajar\u00e1 a la sede la Organizaci\u00f3n de los Estados Americanos (OEA), ubicada en Washington, para exponer la posici\u00f3n del Gobierno respecto a la exprimera ministra Betssy Ch\u00e1vez, actualmente asilada en la Embajada de M\u00e9xico en Lima.<\/p>\n<p>&#8220;Estar\u00e9 viajando a Washington y esa presentaci\u00f3n (sobre el caso de Ch\u00e1vez) la voy a hacer el mi\u00e9rcoles de la pr\u00f3xima semana a las 10\u200b\u200b\u200b.00 am (15.00 GMT)&#8221;, dijo De Zela en rueda de prensa desde el Palacio de Gobierno de Lima.<\/p>\n<p>El 3 de noviembre, la Canciller\u00eda peruana inform\u00f3 que Ch\u00e1vez se hab\u00eda asilado en la Embajada de M\u00e9xico en Lima, cuando enfrentaba un juicio como coautora del intento de golpe de Estado que ejecut\u00f3 el expresidente Pedro Castillo (2021-2022) en diciembre de 2022.<\/p>\n<p>En la v\u00edspera, tanto Ch\u00e1vez como Castillo fueron condenados a 15 a\u00f1os y cinco meses de c\u00e1rcel por la Sala Suprema de Justicia, luego de ser hallados culpables del delito de conspiraci\u00f3n para rebeli\u00f3n.<\/p>\n<p>El Gobierno mexicano concedi\u00f3 el asilo tras analizar el caso de la exprimera ministra y considerarla una &#8220;perseguida pol\u00edtica&#8221;.<\/p>\n<p>El asilo pol\u00edtico de Ch\u00e1vez provoc\u00f3 que Lima rompa relaciones diplom\u00e1ticas con M\u00e9xico.<\/p>\n<p>El Gobierno peruano se ha negado a conceder el salvoconducto que le permita viajar a M\u00e9xico a Ch\u00e1vez, raz\u00f3n por la que permanece en la sede de la misi\u00f3n diplom\u00e1tica.<\/p>\n<p>&#8220;El hecho de que Betssy Ch\u00e1vez haya sido ya condenada no altera en nada su situaci\u00f3n. La situaci\u00f3n sigue siendo exactamente igual en el sentido que ella es una solicitante de asilo en la Embajada de M\u00e9xico y nosotros tenemos una posici\u00f3n ya adoptada p\u00fablicamente sobre el tema&#8221;, dijo el canciller este viernes.<\/p>\n<p>El Gobierno peruano ha sostenido que el Gobierno de M\u00e9xico est\u00e1 aplicando de &#8220;manera equivocada&#8221; la Convenci\u00f3n de Caracas sobre asilo diplom\u00e1tico, as\u00ed como ha indicado que est\u00e1 haciendo uso del asilo por &#8220;motivos ideol\u00f3gicos&#8221;.<\/p>\n","protected":false},"excerpt":{"rendered":"<p>V\u00eda Sputnik El canciller de Per\u00fa, Hugo de Zela, anunci\u00f3 el viernes que el mi\u00e9rcoles 3 de diciembre viajar\u00e1 a la sede la Organizaci\u00f3n de los Estados Americanos (OEA), ubicada en Washington, para exponer la posici\u00f3n del Gobierno respecto a la exprimera ministra Betssy Ch\u00e1vez, actualmente asilada en la Embajada de M\u00e9xico en Lima. &#8220;Estar\u00e9 [&hellip;]<\/p>\n","protected":false},"author":3,"featured_media":3395,"comment_status":"open","ping_status":"open","sticky":false,"template":"","format":"standard","meta":{"footnotes":""},"categories":[40,25,14,17],"tags":[158,74,52,160,159],"class_list":["post-3394","post","type-post","status-publish","format-standard","has-post-thumbnail","hentry","category-ejecutivo","category-noticias","category-o-e-a","category-poderes","tag-betssy-chavez","tag-mexico","tag-oea","tag-pedro-castillo","tag-peru"],"_links":{"self":[{"href":"https:\/\/derechoshumanoseconomicos.com\/index.php\/wp-json\/wp\/v2\/posts\/3394","targetHints":{"allow":["GET"]}}],"collection":[{"href":"https:\/\/derechoshumanoseconomicos.com\/index.php\/wp-json\/wp\/v2\/posts"}],"about":[{"href":"https:\/\/derechoshumanoseconomicos.com\/index.php\/wp-json\/wp\/v2\/types\/post"}],"author":[{"embeddable":true,"href":"https:\/\/derechoshumanoseconomicos.com\/index.php\/wp-json\/wp\/v2\/users\/3"}],"replies":[{"embeddable":true,"href":"https:\/\/derechoshumanoseconomicos.com\/index.php\/wp-json\/wp\/v2\/comments?post=3394"}],"version-history":[{"count":1,"href":"https:\/\/derechoshumanoseconomicos.com\/index.php\/wp-json\/wp\/v2\/posts\/3394\/revisions"}],"predecessor-version":[{"id":3396,"href":"https:\/\/derechoshumanoseconomicos.com\/index.php\/wp-json\/wp\/v2\/posts\/3394\/revisions\/3396"}],"wp:featuredmedia":[{"embeddable":true,"href":"https:\/\/derechoshumanoseconomicos.com\/index.php\/wp-json\/wp\/v2\/media\/3395"}],"wp:attachment":[{"href":"https:\/\/derechoshumanoseconomicos.com\/index.php\/wp-json\/wp\/v2\/media?parent=3394"}],"wp:term":[{"taxonomy":"category","embeddable":true,"href":"https:\/\/derechoshumanoseconomicos.com\/index.php\/wp-json\/wp\/v2\/categories?post=3394"},{"taxonomy":"post_tag","embeddable":true,"href":"https:\/\/derechoshumanoseconomicos.com\/index.php\/wp-json\/wp\/v2\/tags?post=3394"}],"curies":[{"name":"wp","href":"https:\/\/api.w.org\/{rel}","templated":true}]}}