{"id":585,"date":"2024-06-30T09:01:24","date_gmt":"2024-06-30T09:01:24","guid":{"rendered":"https:\/\/derechoshumanoseconomicos.com\/?p=585"},"modified":"2024-07-01T18:52:28","modified_gmt":"2024-07-01T18:52:28","slug":"ombudsman-empresarial-4","status":"publish","type":"post","link":"https:\/\/derechoshumanoseconomicos.com\/index.php\/2024\/06\/30\/ombudsman-empresarial-4\/","title":{"rendered":"Ombudsman Empresarial"},"content":{"rendered":"<ul>\n<li class=\"ewa-rteLine\">Acepta la OEA solicitud de ingreso de la UII como organizaci\u00f3n social.<\/li>\n<\/ul>\n<p><a href=\"https:\/\/derechoshumanoseconomicos.com\/wp-content\/uploads\/2024\/06\/solicitud-de-participacion-OEA-2.pdf\">Texto \u00edntegro<\/a><\/p>\n<div class=\"ewa-rteLine\"><\/div>\n<ul>\n<li class=\"ewa-rteLine\">Reconocen en la OEA la figura del &#8220;Ombudsman Empresarial&#8221;, como mediador en el combate a la corrupci\u00f3n.<\/li>\n<\/ul>\n<p><a href=\"https:\/\/derechoshumanoseconomicos.com\/wp-content\/uploads\/2024\/06\/Reconocimiento-del-ombudsman-Empresarial-OEA.pdf\">Ver documento<\/a><\/p>\n<div class=\"ewa-rteLine\"><\/div>\n<ul>\n<li class=\"ewa-rteLine\">Hallazgos del sondeo de la OEA al Sector Privado Pre-Cumbre de las Am\u00e9ricas, por Jodi Bond.<\/li>\n<\/ul>\n<p><a href=\"https:\/\/derechoshumanoseconomicos.com\/wp-content\/uploads\/2024\/06\/Hallazgos-Espaolrd-2.pdf\">Texto completo en espa\u00f1ol<\/a><\/p>\n<p><a href=\"https:\/\/derechoshumanoseconomicos.com\/wp-content\/uploads\/2024\/06\/hallazgos-2.pdf\">Texto en ingl\u00e9s<\/a><\/p>\n<div class=\"ewa-rteLine\"><\/div>\n<ul>\n<li class=\"ewa-rteLine\">Declaraci\u00f3n de la Ciudad de M\u00e9xico para favorecer las relaciones entre la Sociedad Civil y el sistema Ombudsman Mexicano.<\/li>\n<\/ul>\n<p><a href=\"https:\/\/derechoshumanoseconomicos.com\/wp-content\/uploads\/2024\/06\/Declaracin-del-Ombudsman-Empresarial.pdf\">Ver documento<\/a><\/p>\n<div class=\"ewa-rteLine\"><\/div>\n<ul>\n<li class=\"ewa-rteLine\">Ombudsman Empresarial se pronuncia ante foro de la ONU por mayor participaci\u00f3n de la sociedad civil.<\/li>\n<\/ul>\n<p><a href=\"https:\/\/derechoshumanoseconomicos.com\/wp-content\/uploads\/2024\/06\/Salvador-Ortega-opinion-1.pdf\">Leer texto<\/a><\/p>\n<p>&nbsp;<\/p>\n<ul>\n<li class=\"ewa-rteLine\">Presentaci\u00f3n del Ombudsman Empresarial.<\/li>\n<\/ul>\n<p><a href=\"https:\/\/derechoshumanoseconomicos.com\/wp-content\/uploads\/2024\/06\/presentacion-ombudsmanEa-1.pdf\">Ver texto<\/a><\/p>\n<div class=\"ewa-rteLine\"><\/div>\n<ul>\n<li class=\"ewa-rteLine\">Destacada participaci\u00f3n del Ombudsman Empresarial en la Universidad de Occidente, Sinaloa.<\/li>\n<\/ul>\n<p><a href=\"https:\/\/derechoshumanoseconomicos.com\/wp-content\/uploads\/2024\/06\/Destacada.pdf\">Leer nota informativa<\/a><\/p>\n<div class=\"ewa-rteLine\"><\/div>\n<ul>\n<li class=\"ewa-rteLine\">Implementaci\u00f3n de la figura del Ombudsman Sectorial.<\/li>\n<\/ul>\n<p><a href=\"https:\/\/derechoshumanoseconomicos.com\/wp-content\/uploads\/2024\/06\/ombudman-2.pdf\">Ver texto completo<\/a><\/p>\n<div class=\"ewa-rteLine\"><\/div>\n<ul>\n<li class=\"ewa-rteLine\">Informe de Actividades de la UII del a\u00f1o 2017 enviado a la OEA.<\/li>\n<\/ul>\n<p><a href=\"https:\/\/derechoshumanoseconomicos.com\/wp-content\/uploads\/2024\/06\/REPORTE-ANUAL-2017-OEA-1.pdf\">Ver documento \u00edntegro<\/a><\/p>\n<div class=\"ewa-rteLine\"><\/div>\n<ul>\n<li class=\"ewa-rteLine\">Informe de Actividades de la UII correspondiente al a\u00f1o 2016 enviado a la OEA.<\/li>\n<\/ul>\n<p><a href=\"https:\/\/derechoshumanoseconomicos.com\/wp-content\/uploads\/2024\/06\/REPORTEANUAL2016OEA-1.pdf\">Ver documento \u00ed\u00adntegro<\/a><\/p>\n<div class=\"ewa-rteLine\"><\/div>\n<ul>\n<li class=\"ewa-rteLine\">Informe de Actividades de la UII del a\u00f1o 2015 enviado a la OEA.<\/li>\n<\/ul>\n<p><a href=\"https:\/\/derechoshumanoseconomicos.com\/wp-content\/uploads\/2024\/06\/reporteanualOEA2015-1.pdf\">Ver texto \u00ed\u00adntegro<\/a><\/p>\n<div class=\"ewa-rteLine\"><\/div>\n<ul>\n<li class=\"ewa-rteLine\">Informe de Actividades de la UII 2014 enviado a la OEA.<\/li>\n<\/ul>\n<p><a href=\"https:\/\/derechoshumanoseconomicos.com\/wp-content\/uploads\/2024\/06\/REPORTEANUAL2014-1.pdf\">Ver documento \u00edntegro<\/a><\/p>\n<div class=\"ewa-rteLine\"><\/div>\n<ul>\n<li class=\"ewa-rteLine\">Informe de Actividades de la UII 2013.<\/li>\n<\/ul>\n<p><a href=\"https:\/\/derechoshumanoseconomicos.com\/wp-content\/uploads\/2024\/06\/actividades2013-1.pdf\">Ver texto<\/a><\/p>\n<div class=\"ewa-rteLine\"><\/div>\n<ul>\n<li class=\"ewa-rteLine\">Informe Actividades O.E.A. 2012.<\/li>\n<\/ul>\n<p><a href=\"https:\/\/derechoshumanoseconomicos.com\/wp-content\/uploads\/2024\/06\/informeActividades2012OEA-2.pdf\">Ver Informe<\/a><\/p>\n<div class=\"ewa-rteLine\"><\/div>\n<ul>\n<li class=\"ewa-rteLine\">Informe de Actividades de la UII ante la O.E.A. 2011.<\/li>\n<\/ul>\n<p><a href=\"https:\/\/derechoshumanoseconomicos.com\/wp-content\/uploads\/2024\/06\/informeActividades2012OEA-3.pdf\">Ver informe<\/a><\/p>\n<div class=\"ewa-rteLine\"><\/div>\n<ul>\n<li class=\"ewa-rteLine\">Informe de actividades la UII ante la OEA 2010.<\/li>\n<\/ul>\n<p><a href=\"https:\/\/derechoshumanoseconomicos.com\/wp-content\/uploads\/2024\/06\/actividadesUII-1.pdf\">Texto \u00edntegro<\/a><\/p>\n<div class=\"ewa-rteLine\"><\/div>\n<ul>\n<li class=\"ewa-rteLine\">Mayor participaci\u00f3n de la Sociedad Civil en Derechos Humanos.<\/li>\n<\/ul>\n<p><a href=\"https:\/\/derechoshumanoseconomicos.com\/wp-content\/uploads\/2024\/06\/Declaracin-para-favorecer-relaciones-OSC-y-Ombudsman-2.pdf\">Documento \u00edntegro<\/a><\/p>\n<div class=\"ewa-rteLine\"><\/div>\n<ul>\n<li class=\"ewa-rteLine\">Convocatoria para la protecci\u00f3n del Ombudsman y de los Periodistas.<\/li>\n<\/ul>\n<p><a href=\"https:\/\/derechoshumanoseconomicos.com\/wp-content\/uploads\/2024\/06\/periodistas.pdf\">Bolet\u00edn de la AMDH<\/a><\/p>\n<div class=\"ewa-rteLine\"><\/div>\n<ul>\n<li class=\"ewa-rteLine\">La Sociedad Civil y el Fortalecimiento de la Democracia.<\/li>\n<\/ul>\n<p><a href=\"https:\/\/comunicacionsocial.diputados.gob.mx\/revista\/index.php\/pluralidad\/la-importancia-de-la-sociedad-civil-en-la-democracia-\">Ver noticia<\/a><\/p>\n<div class=\"ewa-rteLine\"><\/div>\n<ul>\n<li class=\"ewa-rteLine\">Los Ombudsman Privados, sus funciones y propuestas.<\/li>\n<\/ul>\n<p><a href=\"https:\/\/www.diputados.gob.mx\/sedia\/biblio\/virtual\/dip\/dicc_tparla\/o.pdf\">Ver noticia<\/a><\/p>\n<div class=\"ewa-rteLine\"><\/div>\n<ul>\n<li class=\"ewa-rteLine\">T\u00edtulo Derecho de Autor, propuesta Ombudsman Sectorial.<\/li>\n<\/ul>\n<p><a href=\"https:\/\/derechoshumanoseconomicos.com\/wp-content\/uploads\/2024\/06\/certificadoregistropublicoderechodeautorPropuestaOmbudsman-2.pdf\">Ver documento<\/a><\/p>\n<div class=\"ewa-rteLine\"><\/div>\n<ul>\n<li class=\"ewa-rteLine\">Acuse Secretar\u00ed\u00ada de Gobernaci\u00f3n, proyecto Ombudsman Sectorial.<\/li>\n<\/ul>\n<p><a href=\"https:\/\/derechoshumanoseconomicos.com\/wp-content\/uploads\/2024\/06\/acuseSEGOBproyectoOmbudsmanSectorial.pdf\">Ver documento<\/a><\/p>\n<div class=\"ewa-rteLine\"><\/div>\n<ul>\n<li class=\"ewa-rteLine\">Propone UII la implementaci\u00f3n de un ombudsman sectorial.<\/li>\n<\/ul>\n<p><a href=\"https:\/\/derechoshumanoseconomicos.com\/wp-content\/uploads\/2024\/06\/ombudmanempresarial-2.pdf\">Ver documento<\/a><\/p>\n<div class=\"ewa-rteLine\"><\/div>\n<ul>\n<li class=\"ewa-rteLine\">Mayor participaci\u00f3n de las Organizaciones Civiles.<\/li>\n<\/ul>\n<p><a href=\"https:\/\/derechoshumanoseconomicos.com\/wp-content\/uploads\/2024\/06\/Declaracin-para-favorecer-relaciones-OSC-y-Ombudsman-3.pdf\">Consultar texto<\/a><\/p>\n<div class=\"ewa-rteLine\"><\/div>\n<ul>\n<li class=\"ewa-rteLine\">Diagrama Ombudsman Sectorial.<\/li>\n<\/ul>\n<p><a href=\"https:\/\/derechoshumanoseconomicos.com\/wp-content\/uploads\/2024\/06\/imagenombudsman-2.pdf\">Ver diagrama<\/a><\/p>\n<div class=\"ewa-rteLine\"><\/div>\n<ul>\n<li class=\"ewa-rteLine\">Reconocimiento de la Sociedad Civil U.I.I. ante la O.E.A.<\/li>\n<\/ul>\n<p><a href=\"https:\/\/derechoshumanoseconomicos.com\/wp-content\/uploads\/2024\/06\/reconocimientoSociedadCivilOEA-3.pdf\">Ver reconocimiento<\/a><\/p>\n<div class=\"ewa-rteLine\"><\/div>\n<ul>\n<li class=\"ewa-rteLine\">T\u00edtulo de Derecho de Autor de Propuesta Ombudsman Sectorial.<\/li>\n<\/ul>\n<p><a href=\"https:\/\/derechoshumanoseconomicos.com\/wp-content\/uploads\/2024\/06\/certificadoregistropublicoderechodeautorPropuestaOmbudsman-3.pdf\">Ver t\u00edtulo<\/a><\/p>\n<div class=\"ewa-rteLine\"><\/div>\n<ul>\n<li class=\"ewa-rteLine\">Carta de informaci\u00f3n de Pol\u00edticas P\u00fablicas y Sociales dirigidas a Asesor del Ombudsman.<\/li>\n<\/ul>\n<p><a href=\"https:\/\/derechoshumanoseconomicos.com\/wp-content\/uploads\/2024\/06\/politicaspublicasyproyectossocialesconsentidohumano-2.pdf\">Ver documento<\/a><\/p>\n<div class=\"ewa-rteLine\"><\/div>\n<ul>\n<li class=\"ewa-rteLine\">Carta de informaci\u00f3n de Pol\u00edticas P\u00fablicas y Sociales dirigidas a Sr. Salvador Ortega.<\/li>\n<\/ul>\n<p><a href=\"https:\/\/derechoshumanoseconomicos.com\/wp-content\/uploads\/2024\/06\/politicaspublicasyproyectossocialesconsentidohumanosalvadorortega-2.pdf\">Ver documento<\/a><\/p>\n<div class=\"ewa-rteLine\"><\/div>\n<ul>\n<li class=\"ewa-rteLine\">Felicitaci\u00f3n por 1 a\u00f1o a U.I.I., por parte del Dr. Ra\u00fal Plascencia de la C.N.D.H.<\/li>\n<\/ul>\n<p><a href=\"https:\/\/derechoshumanoseconomicos.com\/wp-content\/uploads\/2024\/06\/raulplascenciavillanuevaaniversarioorganizacion-2.pdf\">Ver documento<\/a><\/p>\n<div class=\"ewa-rteLine\"><\/div>\n<ul>\n<li class=\"ewa-rteLine\">Carta a Presidencia haciendo solicitud con base al r\u00e9gimen fiscal.<\/li>\n<\/ul>\n<p><a href=\"https:\/\/derechoshumanoseconomicos.com\/wp-content\/uploads\/2024\/06\/cartaDirigidaPresidenciaAsuntoReginmenFiscal-2.pdf\">Ver documento<\/a><\/p>\n<div class=\"ewa-rteLine\"><\/div>\n<ul>\n<li class=\"ewa-rteLine\">Nombramiento Ombudsman Empresarial ante U.I.I.<\/li>\n<\/ul>\n<p><a href=\"https:\/\/derechoshumanoseconomicos.com\/wp-content\/uploads\/2024\/06\/nombramientoOmbudsmanUIIcolor-2.pdf\">Ver documento<\/a><\/p>\n<div class=\"ewa-rteLine\"><\/div>\n<ul>\n<li class=\"ewa-rteLine\">Presentaci\u00f3n Proyecto Derechos Humanos.<\/li>\n<\/ul>\n<p><a href=\"https:\/\/derechoshumanoseconomicos.com\/wp-content\/uploads\/2024\/06\/presentacionProyectoDH-2.pdf\">Ver presentaci\u00f3n<\/a><\/p>\n<div class=\"ewa-rteLine\"><\/div>\n<ul>\n<li class=\"ewa-rteLine\">Proyecto Ombudsman Empresarial M\u00e9xico.<\/li>\n<\/ul>\n<p><a href=\"https:\/\/derechoshumanoseconomicos.com\/wp-content\/uploads\/2024\/06\/proyectoOmbudsmanEmpresarialMexico-2.pdf\">Ver proyecto<\/a><\/p>\n<div class=\"ewa-rteLine\"><\/div>\n<ul>\n<li class=\"ewa-rteLine\">Reconocimiento por la difusi\u00f3n de los Derechos Humanos por parte de INHUS.<\/li>\n<\/ul>\n<p><a href=\"https:\/\/derechoshumanoseconomicos.com\/wp-content\/uploads\/2024\/06\/reconocimientoDifusionDH-INHUS-2.pdf\">Ver documento<\/a><\/p>\n<div class=\"ewa-rteLine\"><\/div>\n<ul>\n<li class=\"ewa-rteLine\">Reconocimiento de Participaci\u00f3n Conferencia sobre Avances y Desaf\u00ed\u00ados en la Cooperaci\u00f3n Hemisf\u00e9rica contra la Corrupci\u00f3n.<\/li>\n<\/ul>\n<p><a href=\"https:\/\/derechoshumanoseconomicos.com\/wp-content\/uploads\/2024\/06\/reconocimientoSOLparticipacionConferenciaCoperacionHemisferica-2.pdf\">Ver reconocimiento<\/a><\/p>\n<div class=\"ewa-rteLine\"><\/div>\n","protected":false},"excerpt":{"rendered":"<p>Acepta la OEA solicitud de ingreso de la UII como organizaci\u00f3n social. Texto \u00edntegro Reconocen en la OEA la figura del &#8220;Ombudsman Empresarial&#8221;, como mediador en el combate a la corrupci\u00f3n. Ver documento Hallazgos del sondeo de la OEA al Sector Privado Pre-Cumbre de las Am\u00e9ricas, por Jodi Bond. Texto completo en espa\u00f1ol Texto en [&hellip;]<\/p>\n","protected":false},"author":3,"featured_media":625,"comment_status":"open","ping_status":"open","sticky":false,"template":"","format":"standard","meta":{"footnotes":""},"categories":[11],"tags":[],"class_list":["post-585","post","type-post","status-publish","format-standard","has-post-thumbnail","hentry","category-principal"],"_links":{"self":[{"href":"https:\/\/derechoshumanoseconomicos.com\/index.php\/wp-json\/wp\/v2\/posts\/585","targetHints":{"allow":["GET"]}}],"collection":[{"href":"https:\/\/derechoshumanoseconomicos.com\/index.php\/wp-json\/wp\/v2\/posts"}],"about":[{"href":"https:\/\/derechoshumanoseconomicos.com\/index.php\/wp-json\/wp\/v2\/types\/post"}],"author":[{"embeddable":true,"href":"https:\/\/derechoshumanoseconomicos.com\/index.php\/wp-json\/wp\/v2\/users\/3"}],"replies":[{"embeddable":true,"href":"https:\/\/derechoshumanoseconomicos.com\/index.php\/wp-json\/wp\/v2\/comments?post=585"}],"version-history":[{"count":1,"href":"https:\/\/derechoshumanoseconomicos.com\/index.php\/wp-json\/wp\/v2\/posts\/585\/revisions"}],"predecessor-version":[{"id":622,"href":"https:\/\/derechoshumanoseconomicos.com\/index.php\/wp-json\/wp\/v2\/posts\/585\/revisions\/622"}],"wp:featuredmedia":[{"embeddable":true,"href":"https:\/\/derechoshumanoseconomicos.com\/index.php\/wp-json\/wp\/v2\/media\/625"}],"wp:attachment":[{"href":"https:\/\/derechoshumanoseconomicos.com\/index.php\/wp-json\/wp\/v2\/media?parent=585"}],"wp:term":[{"taxonomy":"category","embeddable":true,"href":"https:\/\/derechoshumanoseconomicos.com\/index.php\/wp-json\/wp\/v2\/categories?post=585"},{"taxonomy":"post_tag","embeddable":true,"href":"https:\/\/derechoshumanoseconomicos.com\/index.php\/wp-json\/wp\/v2\/tags?post=585"}],"curies":[{"name":"wp","href":"https:\/\/api.w.org\/{rel}","templated":true}]}}