{"id":626,"date":"2024-07-01T19:50:38","date_gmt":"2024-07-01T19:50:38","guid":{"rendered":"https:\/\/derechoshumanoseconomicos.com\/?p=626"},"modified":"2024-07-01T19:50:38","modified_gmt":"2024-07-01T19:50:38","slug":"onu","status":"publish","type":"post","link":"https:\/\/derechoshumanoseconomicos.com\/index.php\/2024\/07\/01\/onu\/","title":{"rendered":"ONU"},"content":{"rendered":"<ul>\n<li class=\"ewa-rteLine\">Participa el Ombudsman Empresarial en Foro de la ONU en Ginebra, Suiza.<\/li>\n<\/ul>\n<p><a href=\"https:\/\/derechoshumanoseconomicos.com\/wp-content\/uploads\/2024\/07\/Participa-Ombudsman-Empresarial2.pdf\">Ver Informaci\u00f3n<\/a><\/p>\n<p>&nbsp;<\/p>\n<ul>\n<li class=\"ewa-rteLine\">Declaraci\u00f3n de M\u00e9xico sobre el programa Nacional de Empresas y Derechos Humanos de la ONU.<\/li>\n<\/ul>\n<p><img fetchpriority=\"high\" decoding=\"async\" class=\"alignnone size-medium wp-image-628\" src=\"https:\/\/derechoshumanoseconomicos.com\/wp-content\/uploads\/2024\/07\/IMG-20171129-WA0002bis-200x300.jpg\" alt=\"\" width=\"200\" height=\"300\" srcset=\"https:\/\/derechoshumanoseconomicos.com\/wp-content\/uploads\/2024\/07\/IMG-20171129-WA0002bis-200x300.jpg 200w, https:\/\/derechoshumanoseconomicos.com\/wp-content\/uploads\/2024\/07\/IMG-20171129-WA0002bis.jpg 400w\" sizes=\"(max-width: 200px) 100vw, 200px\" \/> Ver documento<\/p>\n<div class=\"ewa-rteLine\"><img decoding=\"async\" class=\"alignnone size-medium wp-image-629\" src=\"https:\/\/derechoshumanoseconomicos.com\/wp-content\/uploads\/2024\/07\/IMG-20171129-WA0003-bis-200x300.jpg\" alt=\"\" width=\"200\" height=\"300\" srcset=\"https:\/\/derechoshumanoseconomicos.com\/wp-content\/uploads\/2024\/07\/IMG-20171129-WA0003-bis-200x300.jpg 200w, https:\/\/derechoshumanoseconomicos.com\/wp-content\/uploads\/2024\/07\/IMG-20171129-WA0003-bis.jpg 400w\" sizes=\"(max-width: 200px) 100vw, 200px\" \/> Ver documento 2<\/div>\n<div class=\"ewa-rteLine\"><\/div>\n<ul>\n<li class=\"ewa-rteLine\">Objetivos del Encuentro sobre Derechos Humanos en la ONU, Suiza.<\/li>\n<\/ul>\n<p><a href=\"https:\/\/derechoshumanoseconomicos.com\/wp-content\/uploads\/2024\/07\/Objetivos-del-Foro-Ginebra.pdf\">Ver documento<\/a><\/p>\n<div class=\"ewa-rteLine\"><\/div>\n<ul>\n<li class=\"ewa-rteLine\">Programa del Foro de las Naciones Unidas sobre las Empresas y los Derechos Humanos.<\/li>\n<\/ul>\n<p><a href=\"https:\/\/derechoshumanoseconomicos.com\/wp-content\/uploads\/2024\/07\/Programa-de-actividades-Ginebra.pdf\">Ver Programa<\/a><\/p>\n<div class=\"ewa-rteLine\"><\/div>\n<ul>\n<li class=\"ewa-rteLine\">Principios rectores sobre las empresas y Derechos Humanos, Ginebra, Suiza.<\/li>\n<\/ul>\n<p><a href=\"https:\/\/derechoshumanoseconomicos.com\/wp-content\/uploads\/2024\/07\/Principios-rectores-sobre-las-empresas-y-DH.pdf\">Ver documento<\/a><\/p>\n<div class=\"ewa-rteLine\"><\/div>\n<ul>\n<li class=\"ewa-rteLine\">Ponentes del Encuentro de Derechos Humanos en la ONU.<\/li>\n<\/ul>\n<p><a href=\"https:\/\/derechoshumanoseconomicos.com\/wp-content\/uploads\/2024\/07\/lista-ponentes-Ginebra.pdf\">Ver lista<\/a><\/p>\n<div class=\"ewa-rteLine\"><\/div>\n<ul>\n<li class=\"ewa-rteLine\">Reflexiones finales del alcance del Foro de las Naciones Unidas celebrado en Ginebra Suiza.<\/li>\n<\/ul>\n<p><a href=\"https:\/\/derechoshumanoseconomicos.com\/wp-content\/uploads\/2024\/07\/Teflexin-del-foro-Ginebra.pdf\">Ver documento<\/a><\/p>\n<div class=\"ewa-rteLine\"><\/div>\n<ul>\n<li class=\"ewa-rteLine\">Conclusiones de la Convenci\u00f3n sobre la eliminaci\u00f3n de todas las formas de discriminaci\u00f3n contra la mujer.<\/li>\n<\/ul>\n<p><a href=\"https:\/\/derechoshumanoseconomicos.com\/wp-content\/uploads\/2024\/07\/CEDAW.pdf\">Ver documento<\/a><\/p>\n<div class=\"ewa-rteLine\"><\/div>\n<ul>\n<li class=\"ewa-rteLine\">Publica CEPAL investigaci\u00f3n sobre &#8220;La Vejez y los derechos de las personas mayores&#8221;.<\/li>\n<\/ul>\n<p><a href=\"https:\/\/derechoshumanoseconomicos.com\/wp-content\/uploads\/2024\/07\/cepal-vejez-de-adultos.pdf\">Ver investigaci\u00f3n<\/a><\/p>\n<div class=\"ewa-rteLine\"><\/div>\n<ul>\n<li class=\"ewa-rteLine\">ONU lleva acabo seminario para construir un diagn\u00f3stico de la situaci\u00f3n del pa\u00ed\u00ads respecto a transparencia y prevenci\u00f3n de la corrupci\u00f3n.<\/li>\n<\/ul>\n<p><a href=\"https:\/\/derechoshumanoseconomicos.com\/wp-content\/uploads\/2024\/07\/onu-CORRUPCIN.pdf\">Ver nota \u00ed\u00adntegra<\/a><\/p>\n<div class=\"ewa-rteLine\"><\/div>\n<ul>\n<li class=\"ewa-rteLine\">Cuesta la violencia a las naciones 13% del Producto Bruto Mundial: ONU.<\/li>\n<\/ul>\n<p><a href=\"https:\/\/derechoshumanoseconomicos.com\/wp-content\/uploads\/2024\/07\/ONU-mexico.pdf\">Ver nota \u00edntegra<\/a><\/p>\n<div class=\"ewa-rteLine\"><\/div>\n<ul>\n<li class=\"ewa-rteLine\">Ley sobre Sociedades de Convivencia \u00bfY los derechos de los ni\u00f1os?<\/li>\n<\/ul>\n<p><a href=\"https:\/\/derechoshumanoseconomicos.com\/wp-content\/uploads\/2024\/07\/ConvivenciaSCJN.pdf\">Ver art\u00edculo \u00edntegro<\/a><\/p>\n<div class=\"ewa-rteLine\"><\/div>\n<ul>\n<li class=\"ewa-rteLine\">Ombudsman Empresarial se pronuncia ante foro de la ONU por mayor participaci\u00f3n de la sociedad civil.<\/li>\n<\/ul>\n<p><a href=\"https:\/\/derechoshumanoseconomicos.com\/wp-content\/uploads\/2024\/07\/Salvador-Ortega-opinion.pdf\">Leer texto<\/a><\/p>\n<div class=\"ewa-rteLine\"><\/div>\n<ul>\n<li class=\"ewa-rteLine\">Hallazgos del sondeo de la OEA al sector privado Pre Cumbre de las am\u00e9ricas, Por Jodi Bond.<\/li>\n<\/ul>\n<p><a href=\"https:\/\/derechoshumanoseconomicos.com\/wp-content\/uploads\/2024\/07\/Hallazgos-Espaolrd.pdf\">Ver texto completo en espa\u00f1ol<\/a><\/p>\n<div class=\"ewa-rteLine\"><\/div>\n<ul>\n<li class=\"ewa-rteLine\">Protocolo Facultativo Pacto Internacional, Abolici\u00f3n de la Pena de Muerte.<\/li>\n<\/ul>\n<p><a href=\"https:\/\/derechoshumanoseconomicos.com\/wp-content\/uploads\/2024\/07\/actaSesionExtraordinariaOEA30nov2011.pdf\">Ver documento<\/a><\/p>\n<div class=\"ewa-rteLine\"><\/div>\n<ul>\n<li class=\"ewa-rteLine\">Propuesta Ombudsman AEI 2007.<\/li>\n<\/ul>\n<p><a href=\"https:\/\/derechoshumanoseconomicos.com\/wp-content\/uploads\/2024\/07\/actaSesionExtraordinariaOEA30nov2011-1.pdf\">Ver documento<\/a><\/p>\n<div class=\"ewa-rteLine\"><\/div>\n<ul>\n<li class=\"ewa-rteLine\">Titulo Derecho de Autor Propuesta Ombudsman Sectorial.<\/li>\n<\/ul>\n<p><a href=\"https:\/\/derechoshumanoseconomicos.com\/wp-content\/uploads\/2024\/07\/actaSesionExtraordinariaOEA30nov2011-2.pdf\">Ver documento<\/a><\/p>\n<div class=\"ewa-rteLine\"><\/div>\n<ul>\n<li class=\"ewa-rteLine\">Constancia de Registro Nacional UII &#8211; C.N.D.H.<\/li>\n<\/ul>\n<p><a href=\"https:\/\/derechoshumanoseconomicos.com\/wp-content\/uploads\/2024\/07\/actaSesionExtraordinariaOEA30nov2011-3.pdf\">Ver documento<\/a><\/p>\n<div class=\"ewa-rteLine\"><\/div>\n<ul>\n<li class=\"ewa-rteLine\">Constancia de Registro Nacional D.H.E. &#8211; C.N.D.H.<\/li>\n<\/ul>\n<p><a href=\"https:\/\/derechoshumanoseconomicos.com\/wp-content\/uploads\/2024\/07\/actaSesionExtraordinariaOEA30nov2011-4.pdf\">Ver documento<\/a><\/p>\n<div class=\"ewa-rteLine\"><\/div>\n<ul>\n<li class=\"ewa-rteLine\">Nombramiento U.I.I.<\/li>\n<\/ul>\n<p><a href=\"https:\/\/derechoshumanoseconomicos.com\/wp-content\/uploads\/2024\/07\/actaSesionExtraordinariaOEA30nov2011-5.pdf\">Ver documento<\/a><\/p>\n<div class=\"ewa-rteLine\"><\/div>\n<ul>\n<li class=\"ewa-rteLine\">Presentaci\u00f3n Proyecto D.H.<\/li>\n<\/ul>\n<p><a href=\"https:\/\/derechoshumanoseconomicos.com\/wp-content\/uploads\/2024\/07\/actaSesionExtraordinariaOEA30nov2011-6.pdf\">Ver documento<\/a><\/p>\n<div class=\"ewa-rteLine\"><\/div>\n<ul>\n<li class=\"ewa-rteLine\">Presentaci\u00f3n Ombudsman Empresarial M\u00e9xico<\/li>\n<\/ul>\n<p><a href=\"https:\/\/derechoshumanoseconomicos.com\/wp-content\/uploads\/2024\/07\/actaSesionExtraordinariaOEA30nov2011-7.pdf\">Ver documento<\/a><\/p>\n<p>&nbsp;<\/p>\n<ul>\n<li class=\"ewa-rteLine\">Titulo Marca D.H.E.<\/li>\n<\/ul>\n<p><a href=\"https:\/\/derechoshumanoseconomicos.com\/wp-content\/uploads\/2024\/07\/actaSesionExtraordinariaOEA30nov2011-8.pdf\">Ver documento<\/a><\/p>\n<div class=\"ewa-rteLine\"><\/div>\n","protected":false},"excerpt":{"rendered":"<p>Participa el Ombudsman Empresarial en Foro de la ONU en Ginebra, Suiza. Ver Informaci\u00f3n &nbsp; Declaraci\u00f3n de M\u00e9xico sobre el programa Nacional de Empresas y Derechos Humanos de la ONU. Ver documento Ver documento 2 Objetivos del Encuentro sobre Derechos Humanos en la ONU, Suiza. Ver documento Programa del Foro de las Naciones Unidas sobre [&hellip;]<\/p>\n","protected":false},"author":3,"featured_media":625,"comment_status":"open","ping_status":"open","sticky":false,"template":"","format":"standard","meta":{"footnotes":""},"categories":[11],"tags":[],"class_list":["post-626","post","type-post","status-publish","format-standard","has-post-thumbnail","hentry","category-principal"],"_links":{"self":[{"href":"https:\/\/derechoshumanoseconomicos.com\/index.php\/wp-json\/wp\/v2\/posts\/626","targetHints":{"allow":["GET"]}}],"collection":[{"href":"https:\/\/derechoshumanoseconomicos.com\/index.php\/wp-json\/wp\/v2\/posts"}],"about":[{"href":"https:\/\/derechoshumanoseconomicos.com\/index.php\/wp-json\/wp\/v2\/types\/post"}],"author":[{"embeddable":true,"href":"https:\/\/derechoshumanoseconomicos.com\/index.php\/wp-json\/wp\/v2\/users\/3"}],"replies":[{"embeddable":true,"href":"https:\/\/derechoshumanoseconomicos.com\/index.php\/wp-json\/wp\/v2\/comments?post=626"}],"version-history":[{"count":1,"href":"https:\/\/derechoshumanoseconomicos.com\/index.php\/wp-json\/wp\/v2\/posts\/626\/revisions"}],"predecessor-version":[{"id":651,"href":"https:\/\/derechoshumanoseconomicos.com\/index.php\/wp-json\/wp\/v2\/posts\/626\/revisions\/651"}],"wp:featuredmedia":[{"embeddable":true,"href":"https:\/\/derechoshumanoseconomicos.com\/index.php\/wp-json\/wp\/v2\/media\/625"}],"wp:attachment":[{"href":"https:\/\/derechoshumanoseconomicos.com\/index.php\/wp-json\/wp\/v2\/media?parent=626"}],"wp:term":[{"taxonomy":"category","embeddable":true,"href":"https:\/\/derechoshumanoseconomicos.com\/index.php\/wp-json\/wp\/v2\/categories?post=626"},{"taxonomy":"post_tag","embeddable":true,"href":"https:\/\/derechoshumanoseconomicos.com\/index.php\/wp-json\/wp\/v2\/tags?post=626"}],"curies":[{"name":"wp","href":"https:\/\/api.w.org\/{rel}","templated":true}]}}