{"id":658,"date":"2024-07-01T23:02:37","date_gmt":"2024-07-01T23:02:37","guid":{"rendered":"https:\/\/derechoshumanoseconomicos.com\/?p=658"},"modified":"2024-07-01T23:02:37","modified_gmt":"2024-07-01T23:02:37","slug":"cij","status":"publish","type":"post","link":"https:\/\/derechoshumanoseconomicos.com\/index.php\/2024\/07\/01\/cij\/","title":{"rendered":"CIJ"},"content":{"rendered":"<div class=\"ewa-rteLine\">Centros de Integraci\u00f3n Juvenil (CIJ) es una asociaci\u00f3n civil no lucrativa incorporada al Sector Salud fundada en 1969, con el objetivo de atender el consumo de drogas entre los j\u00f3venes, que en aquel entonces era apenas un incipiente problema de salud p\u00fablica.<\/div>\n<div class=\"ewa-rteLine\">La labor pionera y visionaria de un grupo organizado de la comunidad, encabezado por la se\u00f1ora Kena Moreno, que se preocup\u00f3 por contrarrestar el abuso de drogas y sensibilizar a los diversos sectores sociales del pa\u00ed\u00ads acerca de este problema, se concret\u00f3 con la fundaci\u00f3n del Centro de Atenci\u00f3n para J\u00f3venes Drogadictos, que m\u00e1s tarde sum\u00f3 esfuerzos de diversos organismos y personas, entre ellas autoridades federales, y de la comunidad en general.<\/div>\n<div class=\"ewa-rteLine\">CIJ cuenta con una experiencia de m\u00e1s de 45 a\u00f1os y las actividades que realiza est\u00e1n encaminadas a la prevenci\u00f3n, el tratamiento, la rehabilitaci\u00f3n y la investigaci\u00f3n cient\u00edfica sobre el consumo de drogas en M\u00e9xico. Con el transcurso de los a\u00f1os, la instituci\u00f3n ha ampliado su estructura, programas y servicios, basada en un compromiso compartido con la sociedad y en un esp\u00edritu renovado d\u00eda con d\u00eda.<\/div>\n<ul>\n<li class=\"ewa-rteLine\"><strong>MISI\u00d3N<\/strong><\/li>\n<\/ul>\n<div class=\"ewa-rteLine\">Proporcionar servicios de prevenci\u00f3n y tratamiento para atender el consumo de drogas, con criterios de equidad, igualdad y no discriminaci\u00f3n, basado en el conocimiento cient\u00edfico y formando personal profesional especializado.<\/div>\n<ul>\n<li class=\"ewa-rteLine\"><strong>VISI\u00d3N<\/strong><\/li>\n<\/ul>\n<div class=\"ewa-rteLine\">Otorgar servicios de calidad con equidad de g\u00e9nero y no discriminaci\u00f3n en prevenci\u00f3n, tratamiento, investigaci\u00f3n y capacitaci\u00f3n en materia de adicciones a nivel nacional e internacional, en respuesta a las tendencias epidemiol\u00f3gicas existentes.<\/div>\n<ul>\n<li class=\"ewa-rteLine\"><strong>OBJETIVOS<\/strong><\/li>\n<\/ul>\n<div class=\"ewa-rteLine\">Contribuir en la reducci\u00f3n de la demanda de drogas con la participaci\u00f3n de la comunidad a trav\u00e9s de programas de prevenci\u00f3n y tratamiento, con equidad de g\u00e9nero, basados en la evidencia para mejorar la calidad de vida de la poblaci\u00f3n.<\/div>\n","protected":false},"excerpt":{"rendered":"<p>Centros de Integraci\u00f3n Juvenil (CIJ) es una asociaci\u00f3n civil no lucrativa incorporada al Sector Salud fundada en 1969, con el objetivo de atender el consumo de drogas entre los j\u00f3venes, que en aquel entonces era apenas un incipiente problema de salud p\u00fablica. La labor pionera y visionaria de un grupo organizado de la comunidad, encabezado [&hellip;]<\/p>\n","protected":false},"author":3,"featured_media":625,"comment_status":"open","ping_status":"open","sticky":false,"template":"","format":"standard","meta":{"footnotes":""},"categories":[11],"tags":[],"class_list":["post-658","post","type-post","status-publish","format-standard","has-post-thumbnail","hentry","category-principal"],"_links":{"self":[{"href":"https:\/\/derechoshumanoseconomicos.com\/index.php\/wp-json\/wp\/v2\/posts\/658","targetHints":{"allow":["GET"]}}],"collection":[{"href":"https:\/\/derechoshumanoseconomicos.com\/index.php\/wp-json\/wp\/v2\/posts"}],"about":[{"href":"https:\/\/derechoshumanoseconomicos.com\/index.php\/wp-json\/wp\/v2\/types\/post"}],"author":[{"embeddable":true,"href":"https:\/\/derechoshumanoseconomicos.com\/index.php\/wp-json\/wp\/v2\/users\/3"}],"replies":[{"embeddable":true,"href":"https:\/\/derechoshumanoseconomicos.com\/index.php\/wp-json\/wp\/v2\/comments?post=658"}],"version-history":[{"count":1,"href":"https:\/\/derechoshumanoseconomicos.com\/index.php\/wp-json\/wp\/v2\/posts\/658\/revisions"}],"predecessor-version":[{"id":660,"href":"https:\/\/derechoshumanoseconomicos.com\/index.php\/wp-json\/wp\/v2\/posts\/658\/revisions\/660"}],"wp:featuredmedia":[{"embeddable":true,"href":"https:\/\/derechoshumanoseconomicos.com\/index.php\/wp-json\/wp\/v2\/media\/625"}],"wp:attachment":[{"href":"https:\/\/derechoshumanoseconomicos.com\/index.php\/wp-json\/wp\/v2\/media?parent=658"}],"wp:term":[{"taxonomy":"category","embeddable":true,"href":"https:\/\/derechoshumanoseconomicos.com\/index.php\/wp-json\/wp\/v2\/categories?post=658"},{"taxonomy":"post_tag","embeddable":true,"href":"https:\/\/derechoshumanoseconomicos.com\/index.php\/wp-json\/wp\/v2\/tags?post=658"}],"curies":[{"name":"wp","href":"https:\/\/api.w.org\/{rel}","templated":true}]}}