{"id":661,"date":"2024-07-01T23:17:32","date_gmt":"2024-07-01T23:17:32","guid":{"rendered":"https:\/\/derechoshumanoseconomicos.com\/?p=661"},"modified":"2024-07-01T23:17:32","modified_gmt":"2024-07-01T23:17:32","slug":"gobierno","status":"publish","type":"post","link":"https:\/\/derechoshumanoseconomicos.com\/index.php\/2024\/07\/01\/gobierno\/","title":{"rendered":"Gobierno"},"content":{"rendered":"<div class=\"ewa-rteLine\">El acercamiento de la Unidad Industrial Iztapalapa, Asociaci\u00f3n Civil, con los tres \u00f3rdenes de gobierno es fundamental, en virtud de que la toma de decisiones se da, precisamente, en esos niveles gubernamentales, y es necesario la participaci\u00f3n para incidir en las pol\u00edticas p\u00fablicas en favor de los agremiados.<\/div>\n<div class=\"ewa-rteLine\">La UII se ha integrado de forma eficaz, al participar en comisiones de Seguridad P\u00fablica y Protecci\u00f3n Civil en acciones en beneficio de los socios, trabajos vinculados con las delegaciones del Distrito Federal y a nivel municipal.<\/div>\n<div class=\"ewa-rteLine\">A nivel federal, la UII como miembro activo de la Sociedad Civil, participa en el Programa Nacional de Educaci\u00f3n en Derechos Humanos (ProNalEDH) de la Secretar\u00ed\u00ada de Gobernaci\u00f3n y la Secretar\u00ed\u00ada de Educaci\u00f3n P\u00fablica, coordinado por la UNESCO.<\/div>\n<div class=\"ewa-rteLine\">El ProNalEDH tiene su fundamento en el Plan Nacional de Desarrollo (2007-2012), el Programa Nacional de Derechos Humanos (2008-2012), el Programa del Sectorial de Educaci\u00f3n y el Compromiso para la elaboraci\u00f3n del Proyecto de Programa Nacional de Educaci\u00f3n en Derechos Humanos 2010-2012.<\/div>\n<div class=\"ewa-rteLine\">En s\u00edntesis, es una responsabilidad, pero sobre todo, una obligaci\u00f3n de la UII atender, de manera particular, los asuntos de sus agremiados; pero en t\u00e9rminos generales de la sociedad, y canalizarlos con las instancias gubernamentales adecuadas para lograr una respuesta apropiada.<\/div>\n","protected":false},"excerpt":{"rendered":"<p>El acercamiento de la Unidad Industrial Iztapalapa, Asociaci\u00f3n Civil, con los tres \u00f3rdenes de gobierno es fundamental, en virtud de que la toma de decisiones se da, precisamente, en esos niveles gubernamentales, y es necesario la participaci\u00f3n para incidir en las pol\u00edticas p\u00fablicas en favor de los agremiados. La UII se ha integrado de forma [&hellip;]<\/p>\n","protected":false},"author":3,"featured_media":625,"comment_status":"open","ping_status":"open","sticky":false,"template":"","format":"standard","meta":{"footnotes":""},"categories":[11],"tags":[],"class_list":["post-661","post","type-post","status-publish","format-standard","has-post-thumbnail","hentry","category-principal"],"_links":{"self":[{"href":"https:\/\/derechoshumanoseconomicos.com\/index.php\/wp-json\/wp\/v2\/posts\/661","targetHints":{"allow":["GET"]}}],"collection":[{"href":"https:\/\/derechoshumanoseconomicos.com\/index.php\/wp-json\/wp\/v2\/posts"}],"about":[{"href":"https:\/\/derechoshumanoseconomicos.com\/index.php\/wp-json\/wp\/v2\/types\/post"}],"author":[{"embeddable":true,"href":"https:\/\/derechoshumanoseconomicos.com\/index.php\/wp-json\/wp\/v2\/users\/3"}],"replies":[{"embeddable":true,"href":"https:\/\/derechoshumanoseconomicos.com\/index.php\/wp-json\/wp\/v2\/comments?post=661"}],"version-history":[{"count":1,"href":"https:\/\/derechoshumanoseconomicos.com\/index.php\/wp-json\/wp\/v2\/posts\/661\/revisions"}],"predecessor-version":[{"id":662,"href":"https:\/\/derechoshumanoseconomicos.com\/index.php\/wp-json\/wp\/v2\/posts\/661\/revisions\/662"}],"wp:featuredmedia":[{"embeddable":true,"href":"https:\/\/derechoshumanoseconomicos.com\/index.php\/wp-json\/wp\/v2\/media\/625"}],"wp:attachment":[{"href":"https:\/\/derechoshumanoseconomicos.com\/index.php\/wp-json\/wp\/v2\/media?parent=661"}],"wp:term":[{"taxonomy":"category","embeddable":true,"href":"https:\/\/derechoshumanoseconomicos.com\/index.php\/wp-json\/wp\/v2\/categories?post=661"},{"taxonomy":"post_tag","embeddable":true,"href":"https:\/\/derechoshumanoseconomicos.com\/index.php\/wp-json\/wp\/v2\/tags?post=661"}],"curies":[{"name":"wp","href":"https:\/\/api.w.org\/{rel}","templated":true}]}}