{"id":725,"date":"2024-07-02T19:44:48","date_gmt":"2024-07-02T19:44:48","guid":{"rendered":"https:\/\/derechoshumanoseconomicos.com\/?p=725"},"modified":"2024-07-02T19:44:48","modified_gmt":"2024-07-02T19:44:48","slug":"hidalgo","status":"publish","type":"post","link":"https:\/\/derechoshumanoseconomicos.com\/index.php\/2024\/07\/02\/hidalgo\/","title":{"rendered":"Hidalgo"},"content":{"rendered":"<ul>\n<li class=\"ewa-rteLine\">Invitaci\u00f3n a la firma de adhesi\u00f3n al Pacto Mundial de la CDHEH.<\/li>\n<\/ul>\n<p><a href=\"https:\/\/derechoshumanoseconomicos.com\/wp-content\/uploads\/2024\/07\/hidalgo.pdf\">Documento de confirmaci\u00f3n<\/a><\/p>\n<div class=\"ewa-rteLine\"><\/div>\n<ul>\n<li class=\"ewa-rteLine\">CDHEH invita al Ombudsman Empresarial a la presentaci\u00f3n del Pacto Mundial.<\/li>\n<\/ul>\n<p><a href=\"https:\/\/derechoshumanoseconomicos.com\/wp-content\/uploads\/2024\/07\/hidalgo1_0001.pdf\">Ver documento<\/a><\/p>\n<div class=\"ewa-rteLine\"><\/div>\n<ul>\n<li class=\"ewa-rteLine\">Ombudsman Empresarial testigo en la adhesi\u00f3n de la CDHEH al Pacto Mundial.<\/li>\n<\/ul>\n<p><a href=\"https:\/\/derechoshumanoseconomicos.com\/wp-content\/uploads\/2024\/07\/hidalgo3_0001-1.pdf\">Ver documento<\/a><\/p>\n<div class=\"ewa-rteLine\"><\/div>\n<ul>\n<li class=\"ewa-rteLine\">Presentaci\u00f3n y participaci\u00f3n de Salvador Ortega, Ombudsman Empresarial.<\/li>\n<\/ul>\n<p><a href=\"https:\/\/derechoshumanoseconomicos.com\/wp-content\/uploads\/2024\/07\/hidalgo2-1.pdf\">Texto \u00edntegro<\/a><\/p>\n<div class=\"ewa-rteLine\"><\/div>\n<ul>\n<li class=\"ewa-rteLine\">Hallazgos del sondeo de la OEA al sector privado Pre Cumbre de las am\u00e9ricas, Por Jodi Bond.<\/li>\n<\/ul>\n<p><a href=\"https:\/\/derechoshumanoseconomicos.com\/wp-content\/uploads\/2024\/07\/Hallazgos-Espaolrd-1.pdf\">Ver texto completo en espa\u00f1ol<\/a><\/p>\n<div class=\"ewa-rteLine\"><\/div>\n","protected":false},"excerpt":{"rendered":"<p>Invitaci\u00f3n a la firma de adhesi\u00f3n al Pacto Mundial de la CDHEH. Documento de confirmaci\u00f3n CDHEH invita al Ombudsman Empresarial a la presentaci\u00f3n del Pacto Mundial. Ver documento Ombudsman Empresarial testigo en la adhesi\u00f3n de la CDHEH al Pacto Mundial. Ver documento Presentaci\u00f3n y participaci\u00f3n de Salvador Ortega, Ombudsman Empresarial. Texto \u00edntegro Hallazgos del sondeo [&hellip;]<\/p>\n","protected":false},"author":3,"featured_media":625,"comment_status":"open","ping_status":"open","sticky":false,"template":"","format":"standard","meta":{"footnotes":""},"categories":[11],"tags":[],"class_list":["post-725","post","type-post","status-publish","format-standard","has-post-thumbnail","hentry","category-principal"],"_links":{"self":[{"href":"https:\/\/derechoshumanoseconomicos.com\/index.php\/wp-json\/wp\/v2\/posts\/725","targetHints":{"allow":["GET"]}}],"collection":[{"href":"https:\/\/derechoshumanoseconomicos.com\/index.php\/wp-json\/wp\/v2\/posts"}],"about":[{"href":"https:\/\/derechoshumanoseconomicos.com\/index.php\/wp-json\/wp\/v2\/types\/post"}],"author":[{"embeddable":true,"href":"https:\/\/derechoshumanoseconomicos.com\/index.php\/wp-json\/wp\/v2\/users\/3"}],"replies":[{"embeddable":true,"href":"https:\/\/derechoshumanoseconomicos.com\/index.php\/wp-json\/wp\/v2\/comments?post=725"}],"version-history":[{"count":1,"href":"https:\/\/derechoshumanoseconomicos.com\/index.php\/wp-json\/wp\/v2\/posts\/725\/revisions"}],"predecessor-version":[{"id":731,"href":"https:\/\/derechoshumanoseconomicos.com\/index.php\/wp-json\/wp\/v2\/posts\/725\/revisions\/731"}],"wp:featuredmedia":[{"embeddable":true,"href":"https:\/\/derechoshumanoseconomicos.com\/index.php\/wp-json\/wp\/v2\/media\/625"}],"wp:attachment":[{"href":"https:\/\/derechoshumanoseconomicos.com\/index.php\/wp-json\/wp\/v2\/media?parent=725"}],"wp:term":[{"taxonomy":"category","embeddable":true,"href":"https:\/\/derechoshumanoseconomicos.com\/index.php\/wp-json\/wp\/v2\/categories?post=725"},{"taxonomy":"post_tag","embeddable":true,"href":"https:\/\/derechoshumanoseconomicos.com\/index.php\/wp-json\/wp\/v2\/tags?post=725"}],"curies":[{"name":"wp","href":"https:\/\/api.w.org\/{rel}","templated":true}]}}