{"id":805,"date":"2024-07-04T02:41:39","date_gmt":"2024-07-04T02:41:39","guid":{"rendered":"https:\/\/derechoshumanoseconomicos.com\/?p=805"},"modified":"2024-07-13T01:44:33","modified_gmt":"2024-07-13T01:44:33","slug":"segob","status":"publish","type":"post","link":"https:\/\/derechoshumanoseconomicos.com\/index.php\/2024\/07\/04\/segob\/","title":{"rendered":"SEGOB"},"content":{"rendered":"<ul>\n<li class=\"ewa-rteLine\">La Construcci\u00f3n de la Pol\u00edtica de Derechos Humanos en M\u00e9xico.<\/li>\n<\/ul>\n<p><a href=\"https:\/\/derechoshumanoseconomicos.com\/wp-content\/uploads\/2024\/07\/LA-CONSTRUCCION-DE-UNA-POLITICA-DE-DERECHOS-HUMANOS-EN-MEXICO.pdf\">Ver investigaci\u00f3n<\/a><\/p>\n<div class=\"ewa-rteLine\"><a href=\"https:\/\/derechoshumanoseconomicos.com\/wp-content\/uploads\/2024\/07\/LA-CONSTRUCCION-DE-UNA-POLITICA-DE-DERECHOS-HUMANOS-EN-MEXICO-1.pdf\">Ver documento<\/a><\/div>\n<div class=\"ewa-rteLine\"><\/div>\n<ul>\n<li class=\"ewa-rteLine\">Segob da a conocer bolet\u00edn del Consejo Consultivo de la Ley Federal de Fomento con nombramientos, convocatorias, premios e investigaciones relacionadas con las OSC\u00b4s<\/li>\n<\/ul>\n<p><a href=\"https:\/\/derechoshumanoseconomicos.com\/wp-content\/uploads\/2024\/07\/Boletin-CTC.-No.7-Vol-2.-Feb-2018.pdf\">Ver informaci\u00f3n<\/a><\/p>\n<div class=\"ewa-rteLine\"><\/div>\n<ul>\n<li class=\"ewa-rteLine\">Programa Empresas y Derechos Humanos (Segob-CCE).<\/li>\n<\/ul>\n<p><a href=\"https:\/\/derechoshumanoseconomicos.com\/wp-content\/uploads\/2024\/07\/nueva-programa-segob.pdf\">Ver documento<\/a><\/p>\n<div class=\"ewa-rteLine\"><\/div>\n<ul>\n<li class=\"ewa-rteLine\">Borrador del avance del Grupo Nacional de Trabajo sobre Derechos Humanos del PNDH.<\/li>\n<\/ul>\n<p><a href=\"https:\/\/derechoshumanoseconomicos.com\/wp-content\/uploads\/2024\/07\/Borrador_PNEDH.pdf\">Ver borrador \u00edntegro<\/a><\/p>\n<div class=\"ewa-rteLine\"><\/div>\n<ul>\n<li class=\"ewa-rteLine\">La corresponsabilidad social en la promoci\u00f3n y defensa de los derechos humanos.<\/li>\n<\/ul>\n<p><a href=\"https:\/\/derechoshumanoseconomicos.com\/wp-content\/uploads\/2024\/07\/MarcoTeoricoPNEDHporRSI.pdf\">Ver informaci\u00f3n \u00edntegra<\/a><\/p>\n<div class=\"ewa-rteLine\"><\/div>\n<ul>\n<li class=\"ewa-rteLine\">Foro Sostenibilidad en M\u00e9xico: Buenas pr\u00e1cticas de Derechos Humanos.<\/li>\n<\/ul>\n<p><a href=\"https:\/\/derechoshumanoseconomicos.com\/wp-content\/uploads\/2024\/07\/forogobernacion1.pdf\">Ver texto \u00edntegro<\/a><\/p>\n<div class=\"ewa-rteLine\"><\/div>\n<ul>\n<li class=\"ewa-rteLine\">L\u00ed\u00adnea base para un plan de Derechos de los Ni\u00f1os, las Ni\u00f1as y Adolescentes y las empresas en M\u00e9xico.<\/li>\n<\/ul>\n<p><a href=\"https:\/\/derechoshumanoseconomicos.com\/wp-content\/uploads\/2024\/07\/derechosNios1.pdf\">Ver texto \u00edntegro<\/a><\/p>\n<div class=\"ewa-rteLine\"><a href=\"https:\/\/derechoshumanoseconomicos.com\/wp-content\/uploads\/2024\/07\/derechosNios2.pdf\">Ver extracto de Estudio<\/a><\/div>\n<div><\/div>\n<div class=\"ewa-rteLine\"><\/div>\n<ul>\n<li class=\"ewa-rteLine\">Las empresas deben proteger los derechos humanos: ONU.<\/li>\n<\/ul>\n<p><a href=\"https:\/\/derechoshumanoseconomicos.com\/wp-content\/uploads\/2024\/07\/Campa.pdf\">Leer texto \u00edntegro<\/a><\/p>\n<div class=\"ewa-rteLine\"><\/div>\n<ul>\n<li class=\"ewa-rteLine\">Empresarios promover\u00e1n derechos humanos en sus c\u00f3digos de conducta.<\/li>\n<\/ul>\n<p><a href=\"https:\/\/derechoshumanoseconomicos.com\/wp-content\/uploads\/2024\/07\/nota.segob_.pdf\">Informaci\u00f3n \u00edntegra<\/a><\/p>\n<div class=\"ewa-rteLine\"><\/div>\n<ul>\n<li class=\"ewa-rteLine\">M\u00e9xico requiere de una pol\u00edtica de Estado en Derechos Humanos: Sep\u00falveda.<\/li>\n<\/ul>\n<p><a href=\"https:\/\/derechoshumanoseconomicos.com\/wp-content\/uploads\/2024\/07\/JusticiaAlternativa.pdf\">Ver texto \u00edntegro<\/a><\/p>\n<div class=\"ewa-rteLine\"><\/div>\n<ul>\n<li class=\"ewa-rteLine\">Di\u00e1logo Regional por el Gobierno Abierto.<\/li>\n<\/ul>\n<p><a href=\"https:\/\/derechoshumanoseconomicos.com\/wp-content\/uploads\/2024\/07\/open-govermentt.pdf\">Ver documentos<\/a><\/p>\n<div class=\"ewa-rteLine\"><\/div>\n<ul>\n<li class=\"ewa-rteLine\">Resultados de la Comisi\u00f3n de Pol\u00edtica Gubernamental en Materia de Derechos Humanos, 13\/enero\/2014.<\/li>\n<\/ul>\n<p><a href=\"https:\/\/derechoshumanoseconomicos.com\/wp-content\/uploads\/2024\/07\/Nota-Informativa-CPGMDH-F-mayo2014.pdf\">Ver texto \u00edntegro<\/a><\/p>\n<div class=\"ewa-rteLine\"><\/div>\n<ul>\n<li class=\"ewa-rteLine\">Propuesta de formato para recabar informaci\u00f3n que permita realizar un informe y recomendaciones para el fortalecimiento de la Comisi\u00f3n de Pol\u00edtica Gubernamental en Materia de Derechos Humanos.<\/li>\n<\/ul>\n<p><a href=\"https:\/\/derechoshumanoseconomicos.com\/wp-content\/uploads\/2024\/07\/FORMATO-14may2014-1.pdf\">Ver formato<\/a><\/p>\n<div><\/div>\n<ul>\n<li class=\"ewa-rteLine\">Carta ProNalEDH.<\/li>\n<\/ul>\n<p><a href=\"https:\/\/derechoshumanoseconomicos.com\/wp-content\/uploads\/2024\/07\/cartaProNalEDH.pdf\">Ver documento<\/a><\/p>\n<div class=\"ewa-rteLine\">\n<div class=\"ewa-rteLine\"><\/div>\n<div class=\"ewa-rteLine\"><\/div>\n<\/div>\n<div class=\"ewa-rteLine\"><\/div>\n","protected":false},"excerpt":{"rendered":"<p>La Construcci\u00f3n de la Pol\u00edtica de Derechos Humanos en M\u00e9xico. Ver investigaci\u00f3n Ver documento Segob da a conocer bolet\u00edn del Consejo Consultivo de la Ley Federal de Fomento con nombramientos, convocatorias, premios e investigaciones relacionadas con las OSC\u00b4s Ver informaci\u00f3n Programa Empresas y Derechos Humanos (Segob-CCE). Ver documento Borrador del avance del Grupo Nacional de [&hellip;]<\/p>\n","protected":false},"author":3,"featured_media":625,"comment_status":"open","ping_status":"open","sticky":false,"template":"","format":"standard","meta":{"footnotes":""},"categories":[11],"tags":[],"class_list":["post-805","post","type-post","status-publish","format-standard","has-post-thumbnail","hentry","category-principal"],"_links":{"self":[{"href":"https:\/\/derechoshumanoseconomicos.com\/index.php\/wp-json\/wp\/v2\/posts\/805","targetHints":{"allow":["GET"]}}],"collection":[{"href":"https:\/\/derechoshumanoseconomicos.com\/index.php\/wp-json\/wp\/v2\/posts"}],"about":[{"href":"https:\/\/derechoshumanoseconomicos.com\/index.php\/wp-json\/wp\/v2\/types\/post"}],"author":[{"embeddable":true,"href":"https:\/\/derechoshumanoseconomicos.com\/index.php\/wp-json\/wp\/v2\/users\/3"}],"replies":[{"embeddable":true,"href":"https:\/\/derechoshumanoseconomicos.com\/index.php\/wp-json\/wp\/v2\/comments?post=805"}],"version-history":[{"count":3,"href":"https:\/\/derechoshumanoseconomicos.com\/index.php\/wp-json\/wp\/v2\/posts\/805\/revisions"}],"predecessor-version":[{"id":1258,"href":"https:\/\/derechoshumanoseconomicos.com\/index.php\/wp-json\/wp\/v2\/posts\/805\/revisions\/1258"}],"wp:featuredmedia":[{"embeddable":true,"href":"https:\/\/derechoshumanoseconomicos.com\/index.php\/wp-json\/wp\/v2\/media\/625"}],"wp:attachment":[{"href":"https:\/\/derechoshumanoseconomicos.com\/index.php\/wp-json\/wp\/v2\/media?parent=805"}],"wp:term":[{"taxonomy":"category","embeddable":true,"href":"https:\/\/derechoshumanoseconomicos.com\/index.php\/wp-json\/wp\/v2\/categories?post=805"},{"taxonomy":"post_tag","embeddable":true,"href":"https:\/\/derechoshumanoseconomicos.com\/index.php\/wp-json\/wp\/v2\/tags?post=805"}],"curies":[{"name":"wp","href":"https:\/\/api.w.org\/{rel}","templated":true}]}}