{"id":842,"date":"2024-07-04T23:20:34","date_gmt":"2024-07-04T23:20:34","guid":{"rendered":"https:\/\/derechoshumanoseconomicos.com\/?p=842"},"modified":"2024-07-13T01:50:31","modified_gmt":"2024-07-13T01:50:31","slug":"sfp","status":"publish","type":"post","link":"https:\/\/derechoshumanoseconomicos.com\/index.php\/2024\/07\/04\/sfp\/","title":{"rendered":"SFP"},"content":{"rendered":"<ul>\n<li class=\"ewa-rteLine\">Analizan la SFP y OSC implementar medidas para el combate y prevenci\u00f3n de la corrupci\u00f3n.<\/li>\n<\/ul>\n<p><a href=\"https:\/\/derechoshumanoseconomicos.com\/wp-content\/uploads\/2024\/07\/sfp1.pdf\">Ver documento \u00edntegro<\/a><\/p>\n<p>&nbsp;<\/p>\n<ul>\n<li class=\"ewa-rteLine\">Salvador Ortega propone en la OEA implementar el Ombudsman Sectorial para combatir la corrupci\u00f3n en M\u00e9xico.<\/li>\n<\/ul>\n<p><a href=\"https:\/\/derechoshumanoseconomicos.com\/wp-content\/uploads\/2024\/07\/MesicicSOL-2.pdf\">Ver discurso \u00edntegro ante OEA<\/a><\/p>\n<div class=\"ewa-rteLine\"><a href=\"https:\/\/www.youtube.com\/watch?v=_xAbT0C3i8o\">Ver video<\/a><\/div>\n<div class=\"ewa-rteLine\"><\/div>\n<ul>\n<li class=\"ewa-rteLine\">Invitan al Ombudsman Empresarial a mesa de trabajo en la SFP.<\/li>\n<\/ul>\n<p><a href=\"https:\/\/derechoshumanoseconomicos.com\/wp-content\/uploads\/2024\/07\/sfp.pdf\">Ver oficio<\/a><\/p>\n<div class=\"ewa-rteLine\"><\/div>\n<ul>\n<li class=\"ewa-rteLine\">Propone la UII ante al SFP incorporarse como organismo para combatir la corrupci\u00f3n.<\/li>\n<\/ul>\n<p><a href=\"https:\/\/derechoshumanoseconomicos.com\/wp-content\/uploads\/2024\/07\/tratados-CFP.pdf\">Ver texto<\/a><\/p>\n<div class=\"ewa-rteLine\"><\/div>\n<ul>\n<li class=\"ewa-rteLine\">Da respuesta la SFP a la UII sobre su incorporaci\u00f3n a la nueva figura anticorrupci\u00f3n.<\/li>\n<\/ul>\n<p><a href=\"https:\/\/derechoshumanoseconomicos.com\/wp-content\/uploads\/2024\/07\/sfp-anticorrpcion.pdf\">Ver oficio<\/a><\/p>\n<div class=\"ewa-rteLine\"><\/div>\n","protected":false},"excerpt":{"rendered":"<p>Analizan la SFP y OSC implementar medidas para el combate y prevenci\u00f3n de la corrupci\u00f3n. Ver documento \u00edntegro &nbsp; Salvador Ortega propone en la OEA implementar el Ombudsman Sectorial para combatir la corrupci\u00f3n en M\u00e9xico. Ver discurso \u00edntegro ante OEA Ver video Invitan al Ombudsman Empresarial a mesa de trabajo en la SFP. Ver oficio [&hellip;]<\/p>\n","protected":false},"author":3,"featured_media":625,"comment_status":"open","ping_status":"open","sticky":false,"template":"","format":"standard","meta":{"footnotes":""},"categories":[11],"tags":[],"class_list":["post-842","post","type-post","status-publish","format-standard","has-post-thumbnail","hentry","category-principal"],"_links":{"self":[{"href":"https:\/\/derechoshumanoseconomicos.com\/index.php\/wp-json\/wp\/v2\/posts\/842","targetHints":{"allow":["GET"]}}],"collection":[{"href":"https:\/\/derechoshumanoseconomicos.com\/index.php\/wp-json\/wp\/v2\/posts"}],"about":[{"href":"https:\/\/derechoshumanoseconomicos.com\/index.php\/wp-json\/wp\/v2\/types\/post"}],"author":[{"embeddable":true,"href":"https:\/\/derechoshumanoseconomicos.com\/index.php\/wp-json\/wp\/v2\/users\/3"}],"replies":[{"embeddable":true,"href":"https:\/\/derechoshumanoseconomicos.com\/index.php\/wp-json\/wp\/v2\/comments?post=842"}],"version-history":[{"count":2,"href":"https:\/\/derechoshumanoseconomicos.com\/index.php\/wp-json\/wp\/v2\/posts\/842\/revisions"}],"predecessor-version":[{"id":1259,"href":"https:\/\/derechoshumanoseconomicos.com\/index.php\/wp-json\/wp\/v2\/posts\/842\/revisions\/1259"}],"wp:featuredmedia":[{"embeddable":true,"href":"https:\/\/derechoshumanoseconomicos.com\/index.php\/wp-json\/wp\/v2\/media\/625"}],"wp:attachment":[{"href":"https:\/\/derechoshumanoseconomicos.com\/index.php\/wp-json\/wp\/v2\/media?parent=842"}],"wp:term":[{"taxonomy":"category","embeddable":true,"href":"https:\/\/derechoshumanoseconomicos.com\/index.php\/wp-json\/wp\/v2\/categories?post=842"},{"taxonomy":"post_tag","embeddable":true,"href":"https:\/\/derechoshumanoseconomicos.com\/index.php\/wp-json\/wp\/v2\/tags?post=842"}],"curies":[{"name":"wp","href":"https:\/\/api.w.org\/{rel}","templated":true}]}}