{"id":938,"date":"2024-07-05T22:57:10","date_gmt":"2024-07-05T22:57:10","guid":{"rendered":"https:\/\/derechoshumanoseconomicos.com\/?p=938"},"modified":"2024-07-05T22:57:10","modified_gmt":"2024-07-05T22:57:10","slug":"actividades","status":"publish","type":"post","link":"https:\/\/derechoshumanoseconomicos.com\/index.php\/2024\/07\/05\/actividades\/","title":{"rendered":"Actividades"},"content":{"rendered":"<ul>\n<li class=\"ewa-rteLine\">Salvador Ortega, mediador privado para impartir justicia expedita.<\/li>\n<\/ul>\n<p><a href=\"https:\/\/derechoshumanoseconomicos.com\/wp-content\/uploads\/2024\/07\/Sol-mediador-1.pdf\">Ver texto<\/a><\/p>\n<div class=\"ewa-rteLine\"><\/div>\n<ul>\n<li class=\"ewa-rteLine\">Presenta el Magistrado Miguel de Jes\u00fas Alvarado Esquivel libro &#8220;\u00bfDebe suprimirse el impuesto al activo?&#8221;<\/li>\n<\/ul>\n<p><a href=\"https:\/\/derechoshumanoseconomicos.com\/wp-content\/uploads\/2024\/07\/subir-libro.pdf\">Ver Libro<\/a><\/p>\n<div class=\"ewa-rteLine\"><\/div>\n<ul>\n<li class=\"ewa-rteLine\">Mediadores Privados reciben certificados del TSJCDNMX; entre ellos Salvador Ortega L\u00f3pez.<\/li>\n<\/ul>\n<p><a href=\"https:\/\/derechoshumanoseconomicos.com\/wp-content\/uploads\/2024\/07\/mediacion111.pdf\">Ver texto \u00ed\u00adntegro y fotos<\/a><\/p>\n<div class=\"ewa-rteLine\"><a href=\"https:\/\/derechoshumanoseconomicos.com\/wp-content\/uploads\/2024\/07\/ProgramaMediacin.pdf\">Ver Programa entrega de certificados en Mediaci\u00f3n<\/a><\/div>\n<div><\/div>\n<div class=\"ewa-rteLine\"><\/div>\n<ul>\n<li class=\"ewa-rteLine\">Dicta Salvador Ortega conferencia sobre Mediaci\u00f3n Privada.<\/li>\n<\/ul>\n<p><a href=\"https:\/\/derechoshumanoseconomicos.com\/wp-content\/uploads\/2024\/07\/Mediacintexto.pdf\">Ver texto \u00edntegro<\/a><\/p>\n<div class=\"ewa-rteLine\"><\/div>\n<ul>\n<li class=\"ewa-rteLine\">TSJDF, organizaci\u00f3n Derechos Humanos Econ\u00f3micos y Coparmex DF convocan al &#8220;Diplomado en mediaci\u00f3n privada en las materias civil-mercantil, familiar, penal y de justicia para adolescentes&#8221;.<\/li>\n<\/ul>\n<p><a href=\"https:\/\/derechoshumanoseconomicos.com\/wp-content\/uploads\/2024\/07\/Diplomado-Coparmex-1-3.pdf\">Ver convocatoria \u00ed\u00adntegra<\/a><\/p>\n<div class=\"ewa-rteLine\"><\/div>\n<ul>\n<li class=\"ewa-rteLine\">Conferencia sobre Mediaci\u00f3n Privada en la Ciudad de M\u00e9xico, por el Mtro. Pascual Hern\u00e1ndez.<\/li>\n<\/ul>\n<p><a href=\"https:\/\/derechoshumanoseconomicos.com\/wp-content\/uploads\/2024\/07\/Pascual-1.pdf\">Ver texto \u00edntegro<\/a><\/p>\n<div class=\"ewa-rteLine\"><\/div>\n<ul>\n<li class=\"ewa-rteLine\">Diplomado en Mediaci\u00f3n Privada.<\/li>\n<\/ul>\n<p><a href=\"https:\/\/derechoshumanoseconomicos.com\/wp-content\/uploads\/2024\/07\/COPARMEX-DIPLOMADO-DE-MEDIACIN-1.pdf\">Ver texto completo<\/a><\/p>\n<div class=\"ewa-rteLine\"><\/div>\n","protected":false},"excerpt":{"rendered":"<p>Salvador Ortega, mediador privado para impartir justicia expedita. Ver texto Presenta el Magistrado Miguel de Jes\u00fas Alvarado Esquivel libro &#8220;\u00bfDebe suprimirse el impuesto al activo?&#8221; Ver Libro Mediadores Privados reciben certificados del TSJCDNMX; entre ellos Salvador Ortega L\u00f3pez. Ver texto \u00ed\u00adntegro y fotos Ver Programa entrega de certificados en Mediaci\u00f3n Dicta Salvador Ortega conferencia sobre [&hellip;]<\/p>\n","protected":false},"author":3,"featured_media":625,"comment_status":"open","ping_status":"open","sticky":false,"template":"","format":"standard","meta":{"footnotes":""},"categories":[11],"tags":[],"class_list":["post-938","post","type-post","status-publish","format-standard","has-post-thumbnail","hentry","category-principal"],"_links":{"self":[{"href":"https:\/\/derechoshumanoseconomicos.com\/index.php\/wp-json\/wp\/v2\/posts\/938","targetHints":{"allow":["GET"]}}],"collection":[{"href":"https:\/\/derechoshumanoseconomicos.com\/index.php\/wp-json\/wp\/v2\/posts"}],"about":[{"href":"https:\/\/derechoshumanoseconomicos.com\/index.php\/wp-json\/wp\/v2\/types\/post"}],"author":[{"embeddable":true,"href":"https:\/\/derechoshumanoseconomicos.com\/index.php\/wp-json\/wp\/v2\/users\/3"}],"replies":[{"embeddable":true,"href":"https:\/\/derechoshumanoseconomicos.com\/index.php\/wp-json\/wp\/v2\/comments?post=938"}],"version-history":[{"count":1,"href":"https:\/\/derechoshumanoseconomicos.com\/index.php\/wp-json\/wp\/v2\/posts\/938\/revisions"}],"predecessor-version":[{"id":947,"href":"https:\/\/derechoshumanoseconomicos.com\/index.php\/wp-json\/wp\/v2\/posts\/938\/revisions\/947"}],"wp:featuredmedia":[{"embeddable":true,"href":"https:\/\/derechoshumanoseconomicos.com\/index.php\/wp-json\/wp\/v2\/media\/625"}],"wp:attachment":[{"href":"https:\/\/derechoshumanoseconomicos.com\/index.php\/wp-json\/wp\/v2\/media?parent=938"}],"wp:term":[{"taxonomy":"category","embeddable":true,"href":"https:\/\/derechoshumanoseconomicos.com\/index.php\/wp-json\/wp\/v2\/categories?post=938"},{"taxonomy":"post_tag","embeddable":true,"href":"https:\/\/derechoshumanoseconomicos.com\/index.php\/wp-json\/wp\/v2\/tags?post=938"}],"curies":[{"name":"wp","href":"https:\/\/api.w.org\/{rel}","templated":true}]}}